{"id":1680,"date":"2019-08-27T09:19:21","date_gmt":"2019-08-27T07:19:21","guid":{"rendered":"http:\/\/www.chamannajenatsch.ch\/?p=1680"},"modified":"2019-08-27T09:19:23","modified_gmt":"2019-08-27T07:19:23","slug":"gorillakuchen","status":"publish","type":"post","link":"http:\/\/www.chamannajenatsch.ch\/en\/2019\/08\/27\/gorillakuchen\/","title":{"rendered":"Gorillakuchen"},"content":{"rendered":"<p>Wer hat gerne Bananen? Bei unserem Gem\u00fcselieferant waren diese k\u00fcrzlich in Aktion. Da ich aber kein Fan von Bananen bin, habe ich keine bestellt, und der Lieferant hat auch gemeint, wir h\u00e4tten ja gar keine Gorillas hier oben. Als dann der Heli kam, hatten wir doch ca. 3kg Bananen in einer Schachtel! Tja, da sie nun hier sind, m\u00fcssen sie auch gegessen werden! Dani liebt sowieso Bananen in aller Form und im Bircherm\u00fcesli machen sie sich gar nicht schlecht! Und nun haben wir von Andrea und Simon noch ein gutes Rezept f\u00fcr einen Schoggibananenkuchen bekommen, der offizielle Jenatsch-Gorillakuchen \ud83d\ude09 <br><br>Heute ist ein traumhafter Tag und wir probieren den H\u00fcttenputz im Vollgasmodus zu erledigen, damit zumindest 2 von uns heute Zeit haben f\u00fcr eine Bergtour. Also, geniesst den Sp\u00e4tsommer \ud83d\ude42<\/p>","protected":false},"excerpt":{"rendered":"<p>Wer hat gerne Bananen? Bei unserem Gem\u00fcselieferant waren diese k\u00fcrzlich in Aktion. Da ich aber kein Fan von Bananen bin, habe ich keine bestellt, und der Lieferant hat auch gemeint, wir h\u00e4tten ja gar keine Gorillas hier oben. Als dann<\/p>","protected":false},"author":1,"featured_media":0,"comment_status":"closed","ping_status":"closed","sticky":false,"template":"","format":"standard","meta":{"inline_featured_image":false,"footnotes":""},"categories":[1],"tags":[],"class_list":["post-1680","post","type-post","status-publish","format-standard","hentry","category-allgemein"],"_links":{"self":[{"href":"http:\/\/www.chamannajenatsch.ch\/en\/wp-json\/wp\/v2\/posts\/1680","targetHints":{"allow":["GET"]}}],"collection":[{"href":"http:\/\/www.chamannajenatsch.ch\/en\/wp-json\/wp\/v2\/posts"}],"about":[{"href":"http:\/\/www.chamannajenatsch.ch\/en\/wp-json\/wp\/v2\/types\/post"}],"author":[{"embeddable":true,"href":"http:\/\/www.chamannajenatsch.ch\/en\/wp-json\/wp\/v2\/users\/1"}],"replies":[{"embeddable":true,"href":"http:\/\/www.chamannajenatsch.ch\/en\/wp-json\/wp\/v2\/comments?post=1680"}],"version-history":[{"count":1,"href":"http:\/\/www.chamannajenatsch.ch\/en\/wp-json\/wp\/v2\/posts\/1680\/revisions"}],"predecessor-version":[{"id":1681,"href":"http:\/\/www.chamannajenatsch.ch\/en\/wp-json\/wp\/v2\/posts\/1680\/revisions\/1681"}],"wp:attachment":[{"href":"http:\/\/www.chamannajenatsch.ch\/en\/wp-json\/wp\/v2\/media?parent=1680"}],"wp:term":[{"taxonomy":"category","embeddable":true,"href":"http:\/\/www.chamannajenatsch.ch\/en\/wp-json\/wp\/v2\/categories?post=1680"},{"taxonomy":"post_tag","embeddable":true,"href":"http:\/\/www.chamannajenatsch.ch\/en\/wp-json\/wp\/v2\/tags?post=1680"}],"curies":[{"name":"wp","href":"https:\/\/api.w.org\/{rel}","templated":true}]}}