{"id":1682,"date":"2019-08-28T13:05:55","date_gmt":"2019-08-28T11:05:55","guid":{"rendered":"http:\/\/www.chamannajenatsch.ch\/?p=1682"},"modified":"2019-08-28T13:05:58","modified_gmt":"2019-08-28T11:05:58","slug":"ein-tag-nach-plan","status":"publish","type":"post","link":"http:\/\/www.chamannajenatsch.ch\/en\/2019\/08\/28\/ein-tag-nach-plan\/","title":{"rendered":"Ein Tag nach Plan"},"content":{"rendered":"<p>Oder so&#8230; Also einen Plan hatten wir, n\u00e4mlich das sch\u00f6ne Wetter und eine kleine Bergtour machen. Irgendwie kam es dann aber anders. Waren die letzten Tage trotz sch\u00f6nem Wetter sehr ruhig um die Mittagszeit, hatten doch gestern alle Lust auf R\u00f6sti auf der Jenatsch! Zudem tauchte Jachen auf um uns noch bei der Wasserfassung zu helfen und hatte auch noch Proviant in Pilzform dabei! Daaaanke Jachen \ud83d\ude42 <br>Dann standen pl\u00f6tzlich Sepp und Monica in der H\u00fctte. Ein \u00dcberraschungsbesuch von einem Kollegen aus dem H\u00fcttenwartskurs, so cool \ud83d\ude42 So war vorerst nix mit Bergtour, Dani und Simona schmissen den R\u00f6stiplausch und ich sass gem\u00fctlich mit meinem Besuch auf der Terasse. <br>Sp\u00e4ter konnte Dani dann doch noch eine Tour zur Cresta Jenatsch machen und heute morgen hatten daf\u00fcr Simona und ich frei, aber davon berichte ich euch morgen \ud83d\ude09 <\/p>\n\n\n\n<figure class=\"wp-block-image\"><img fetchpriority=\"high\" decoding=\"async\" width=\"1024\" height=\"768\" src=\"http:\/\/www.chamannajenatsch.ch\/wp-content\/uploads\/2019\/08\/WhatsApp-Image-2019-08-28-at-12.53.10-1-1024x768.jpeg\" alt=\"\" class=\"wp-image-1684\" srcset=\"http:\/\/www.chamannajenatsch.ch\/wp-content\/uploads\/2019\/08\/WhatsApp-Image-2019-08-28-at-12.53.10-1-1024x768.jpeg 1024w, http:\/\/www.chamannajenatsch.ch\/wp-content\/uploads\/2019\/08\/WhatsApp-Image-2019-08-28-at-12.53.10-1-300x225.jpeg 300w, http:\/\/www.chamannajenatsch.ch\/wp-content\/uploads\/2019\/08\/WhatsApp-Image-2019-08-28-at-12.53.10-1-768x576.jpeg 768w, http:\/\/www.chamannajenatsch.ch\/wp-content\/uploads\/2019\/08\/WhatsApp-Image-2019-08-28-at-12.53.10-1.jpeg 1920w\" sizes=\"(max-width: 1024px) 100vw, 1024px\" \/><figcaption>Hmmm, Steinpilze aus dem Val Bever \ud83d\ude00<\/figcaption><\/figure>","protected":false},"excerpt":{"rendered":"<p>Oder so&#8230; Also einen Plan hatten wir, n\u00e4mlich das sch\u00f6ne Wetter und eine kleine Bergtour machen. Irgendwie kam es dann aber anders. Waren die letzten Tage trotz sch\u00f6nem Wetter sehr ruhig um die Mittagszeit, hatten doch gestern alle Lust auf<\/p>","protected":false},"author":1,"featured_media":0,"comment_status":"closed","ping_status":"closed","sticky":false,"template":"","format":"standard","meta":{"inline_featured_image":false,"footnotes":""},"categories":[1],"tags":[],"class_list":["post-1682","post","type-post","status-publish","format-standard","hentry","category-allgemein"],"_links":{"self":[{"href":"http:\/\/www.chamannajenatsch.ch\/en\/wp-json\/wp\/v2\/posts\/1682","targetHints":{"allow":["GET"]}}],"collection":[{"href":"http:\/\/www.chamannajenatsch.ch\/en\/wp-json\/wp\/v2\/posts"}],"about":[{"href":"http:\/\/www.chamannajenatsch.ch\/en\/wp-json\/wp\/v2\/types\/post"}],"author":[{"embeddable":true,"href":"http:\/\/www.chamannajenatsch.ch\/en\/wp-json\/wp\/v2\/users\/1"}],"replies":[{"embeddable":true,"href":"http:\/\/www.chamannajenatsch.ch\/en\/wp-json\/wp\/v2\/comments?post=1682"}],"version-history":[{"count":1,"href":"http:\/\/www.chamannajenatsch.ch\/en\/wp-json\/wp\/v2\/posts\/1682\/revisions"}],"predecessor-version":[{"id":1685,"href":"http:\/\/www.chamannajenatsch.ch\/en\/wp-json\/wp\/v2\/posts\/1682\/revisions\/1685"}],"wp:attachment":[{"href":"http:\/\/www.chamannajenatsch.ch\/en\/wp-json\/wp\/v2\/media?parent=1682"}],"wp:term":[{"taxonomy":"category","embeddable":true,"href":"http:\/\/www.chamannajenatsch.ch\/en\/wp-json\/wp\/v2\/categories?post=1682"},{"taxonomy":"post_tag","embeddable":true,"href":"http:\/\/www.chamannajenatsch.ch\/en\/wp-json\/wp\/v2\/tags?post=1682"}],"curies":[{"name":"wp","href":"https:\/\/api.w.org\/{rel}","templated":true}]}}