{"id":1778,"date":"2019-09-10T11:15:40","date_gmt":"2019-09-10T09:15:40","guid":{"rendered":"http:\/\/www.chamannajenatsch.ch\/?p=1778"},"modified":"2019-09-10T11:15:43","modified_gmt":"2019-09-10T09:15:43","slug":"kaffeebesuch-10-sept","status":"publish","type":"post","link":"http:\/\/www.chamannajenatsch.ch\/en\/2019\/09\/10\/kaffeebesuch-10-sept\/","title":{"rendered":"Kaffeebesuch &#8211; 10. Sept"},"content":{"rendered":"<p>Heute morgen haben sich die 8 G\u00e4ste des DAV verabschiedet und Dani und ich waren gerade fertig mit zm\u00f6rgle als die HeliBernina kam. Sie hatten eine kurze Wartezeit, bevor sie Arbeiter wieder im Val Bever abholen mussten und so sind sie auf Kaffee und Kuchen vorbeigekommen. So haben wir direkt anschliessend ans Fr\u00fchst\u00fcck Zn\u00fcni gemacht \ud83d\ude00<br>Nun haben wir einen schnellen H\u00fcttenwusel hinter uns und werden den Tag mit ein bisschen diesem und jenem verbringen. G\u00e4ste haben sich keine angemeldet und so k\u00f6nnen wir den Rest des Tages flexibel und ohne die fixen Termine angehen. Daneben ist heute aber auch wieder Waschtag. Nach den paar tr\u00fcben Tagen haben wir nun wieder genug Warmwasser ung Strom und den Berg abzuarbeiten, der sich am Wochenende angesammelt hat von den Doppelzimmern und den Saunat\u00fcchern.<\/p>","protected":false},"excerpt":{"rendered":"<p>Heute morgen haben sich die 8 G\u00e4ste des DAV verabschiedet und Dani und ich waren gerade fertig mit zm\u00f6rgle als die HeliBernina kam. Sie hatten eine kurze Wartezeit, bevor sie Arbeiter wieder im Val Bever abholen mussten und so sind<\/p>","protected":false},"author":1,"featured_media":0,"comment_status":"closed","ping_status":"closed","sticky":false,"template":"","format":"standard","meta":{"inline_featured_image":false,"footnotes":""},"categories":[1],"tags":[],"class_list":["post-1778","post","type-post","status-publish","format-standard","hentry","category-allgemein"],"_links":{"self":[{"href":"http:\/\/www.chamannajenatsch.ch\/en\/wp-json\/wp\/v2\/posts\/1778","targetHints":{"allow":["GET"]}}],"collection":[{"href":"http:\/\/www.chamannajenatsch.ch\/en\/wp-json\/wp\/v2\/posts"}],"about":[{"href":"http:\/\/www.chamannajenatsch.ch\/en\/wp-json\/wp\/v2\/types\/post"}],"author":[{"embeddable":true,"href":"http:\/\/www.chamannajenatsch.ch\/en\/wp-json\/wp\/v2\/users\/1"}],"replies":[{"embeddable":true,"href":"http:\/\/www.chamannajenatsch.ch\/en\/wp-json\/wp\/v2\/comments?post=1778"}],"version-history":[{"count":1,"href":"http:\/\/www.chamannajenatsch.ch\/en\/wp-json\/wp\/v2\/posts\/1778\/revisions"}],"predecessor-version":[{"id":1780,"href":"http:\/\/www.chamannajenatsch.ch\/en\/wp-json\/wp\/v2\/posts\/1778\/revisions\/1780"}],"wp:attachment":[{"href":"http:\/\/www.chamannajenatsch.ch\/en\/wp-json\/wp\/v2\/media?parent=1778"}],"wp:term":[{"taxonomy":"category","embeddable":true,"href":"http:\/\/www.chamannajenatsch.ch\/en\/wp-json\/wp\/v2\/categories?post=1778"},{"taxonomy":"post_tag","embeddable":true,"href":"http:\/\/www.chamannajenatsch.ch\/en\/wp-json\/wp\/v2\/tags?post=1778"}],"curies":[{"name":"wp","href":"https:\/\/api.w.org\/{rel}","templated":true}]}}