{"id":1798,"date":"2019-09-12T09:08:15","date_gmt":"2019-09-12T07:08:15","guid":{"rendered":"http:\/\/www.chamannajenatsch.ch\/?p=1798"},"modified":"2019-09-12T09:08:17","modified_gmt":"2019-09-12T07:08:17","slug":"sonne-power","status":"publish","type":"post","link":"http:\/\/www.chamannajenatsch.ch\/en\/2019\/09\/12\/sonne-power\/","title":{"rendered":"Sonne, Power!!!"},"content":{"rendered":"<p>Wir haben mehr Power! Gestern waren 2 Elektriker und 2 Dachdecker hier und haben die neuen PV-Panel montiert. Da unsere Elemente nicht mehr gebaut werden, wurden die 2 alten Module der Westfassade abmontiert und eins davon auf dem Dach in die Gruppe der bestehenden Modulen integriert. An der Westfassade haben wir nun 2 neue Module, die auch noch ein bisschen mehr Leistung bringen \ud83d\ude42 Zudem hat der Fachmann f\u00fcr die H\u00fcttenversorgung das gesamte System zusammen mit den Batterien \u00fcberpr\u00fcft und gr\u00fcnes Licht gegeben. Die Erleichterung war gross und wir k\u00f6nnen entspannter weiterwursteln.<br>Auch wurde die Sicherung der Pumpe ersetzt und yuhu, nun pumpt es wieder \ud83d\ude42 Da dies die Wasserversorgung f\u00fcr den Winter ist, war die Erleichterung daher ebenfalls gross.<br>Das falsch angeschlossene Kabel des Generators wurde nun richtig herum angeschlossen, dass wir im Notfall dann auch wirklich die Batterie so speisen k\u00f6nnen.<br>Alles in allem also ein erfolgreicher Tag f\u00fcr die H\u00fcttentechnik! Heute ist auch noch der Chemifeger da und nachher k\u00f6nnen wir dann auch beim Einfeuern wieder Vollgas geben \ud83d\ude09<\/p>\n\n\n\n<figure class=\"wp-block-image is-resized\"><img fetchpriority=\"high\" decoding=\"async\" src=\"http:\/\/www.chamannajenatsch.ch\/wp-content\/uploads\/2019\/09\/WhatsApp-Image-2019-09-11-at-15.49.51-576x1024.jpeg\" alt=\"\" class=\"wp-image-1799\" width=\"288\" height=\"512\" srcset=\"http:\/\/www.chamannajenatsch.ch\/wp-content\/uploads\/2019\/09\/WhatsApp-Image-2019-09-11-at-15.49.51-576x1024.jpeg 576w, http:\/\/www.chamannajenatsch.ch\/wp-content\/uploads\/2019\/09\/WhatsApp-Image-2019-09-11-at-15.49.51-169x300.jpeg 169w, http:\/\/www.chamannajenatsch.ch\/wp-content\/uploads\/2019\/09\/WhatsApp-Image-2019-09-11-at-15.49.51-768x1365.jpeg 768w, http:\/\/www.chamannajenatsch.ch\/wp-content\/uploads\/2019\/09\/WhatsApp-Image-2019-09-11-at-15.49.51.jpeg 1080w\" sizes=\"(max-width: 288px) 100vw, 288px\" \/><\/figure>","protected":false},"excerpt":{"rendered":"<p>Wir haben mehr Power! Gestern waren 2 Elektriker und 2 Dachdecker hier und haben die neuen PV-Panel montiert. Da unsere Elemente nicht mehr gebaut werden, wurden die 2 alten Module der Westfassade abmontiert und eins davon auf dem Dach in<\/p>","protected":false},"author":1,"featured_media":0,"comment_status":"closed","ping_status":"closed","sticky":false,"template":"","format":"standard","meta":{"inline_featured_image":false,"footnotes":""},"categories":[1],"tags":[],"class_list":["post-1798","post","type-post","status-publish","format-standard","hentry","category-allgemein"],"_links":{"self":[{"href":"http:\/\/www.chamannajenatsch.ch\/en\/wp-json\/wp\/v2\/posts\/1798","targetHints":{"allow":["GET"]}}],"collection":[{"href":"http:\/\/www.chamannajenatsch.ch\/en\/wp-json\/wp\/v2\/posts"}],"about":[{"href":"http:\/\/www.chamannajenatsch.ch\/en\/wp-json\/wp\/v2\/types\/post"}],"author":[{"embeddable":true,"href":"http:\/\/www.chamannajenatsch.ch\/en\/wp-json\/wp\/v2\/users\/1"}],"replies":[{"embeddable":true,"href":"http:\/\/www.chamannajenatsch.ch\/en\/wp-json\/wp\/v2\/comments?post=1798"}],"version-history":[{"count":1,"href":"http:\/\/www.chamannajenatsch.ch\/en\/wp-json\/wp\/v2\/posts\/1798\/revisions"}],"predecessor-version":[{"id":1800,"href":"http:\/\/www.chamannajenatsch.ch\/en\/wp-json\/wp\/v2\/posts\/1798\/revisions\/1800"}],"wp:attachment":[{"href":"http:\/\/www.chamannajenatsch.ch\/en\/wp-json\/wp\/v2\/media?parent=1798"}],"wp:term":[{"taxonomy":"category","embeddable":true,"href":"http:\/\/www.chamannajenatsch.ch\/en\/wp-json\/wp\/v2\/categories?post=1798"},{"taxonomy":"post_tag","embeddable":true,"href":"http:\/\/www.chamannajenatsch.ch\/en\/wp-json\/wp\/v2\/tags?post=1798"}],"curies":[{"name":"wp","href":"https:\/\/api.w.org\/{rel}","templated":true}]}}