{"id":1806,"date":"2019-09-13T12:29:38","date_gmt":"2019-09-13T10:29:38","guid":{"rendered":"http:\/\/www.chamannajenatsch.ch\/?p=1806"},"modified":"2019-09-13T12:29:41","modified_gmt":"2019-09-13T10:29:41","slug":"verstaerkung","status":"publish","type":"post","link":"http:\/\/www.chamannajenatsch.ch\/en\/2019\/09\/13\/verstaerkung\/","title":{"rendered":"Verst\u00e4rkung"},"content":{"rendered":"<p>Gestern ist Andrin gekommen und heute kommt noch Myriam zu uns hoch. Andrin war im Juli mal bei uns zu Gast und kommt jetzt &#8222;schnuppern&#8220; um evtl. bei uns im Winterteam zu sein. Myriam wird mit uns den Herbst und somit die restliche Saison bestreiten \ud83d\ude42 So sind wir f\u00fcr das wundersch\u00f6ne Wochendende und das Full House morgen ger\u00fcstet. <\/p>\n\n\n\n<p>Der Schnee ist fast weg und es ist perfektes Wanderwetter. Wir konnten endlich mal wieder draussen Zn\u00fcni essen nach den paar eher frischen Tagen. <\/p>\n\n\n\n<p>Ja, sonst gibt es nicht viel zu erz\u00e4hlen. Gestern hatten wir noch kurz ein Problem mit der Wasserversorgung, aber \u00fcber Nacht hat sich das Problem wenigstens mal vorl\u00e4ufig behoben&#8230;<\/p>\n\n\n\n<figure class=\"wp-block-image\"><img fetchpriority=\"high\" decoding=\"async\" width=\"1024\" height=\"576\" src=\"http:\/\/www.chamannajenatsch.ch\/wp-content\/uploads\/2019\/09\/WhatsApp-Image-2019-09-12-at-20.52.34-2-1024x576.jpeg\" alt=\"\" class=\"wp-image-1807\" srcset=\"http:\/\/www.chamannajenatsch.ch\/wp-content\/uploads\/2019\/09\/WhatsApp-Image-2019-09-12-at-20.52.34-2-1024x576.jpeg 1024w, http:\/\/www.chamannajenatsch.ch\/wp-content\/uploads\/2019\/09\/WhatsApp-Image-2019-09-12-at-20.52.34-2-300x169.jpeg 300w, http:\/\/www.chamannajenatsch.ch\/wp-content\/uploads\/2019\/09\/WhatsApp-Image-2019-09-12-at-20.52.34-2-768x432.jpeg 768w, http:\/\/www.chamannajenatsch.ch\/wp-content\/uploads\/2019\/09\/WhatsApp-Image-2019-09-12-at-20.52.34-2.jpeg 1920w\" sizes=\"(max-width: 1024px) 100vw, 1024px\" \/><\/figure>","protected":false},"excerpt":{"rendered":"<p>Gestern ist Andrin gekommen und heute kommt noch Myriam zu uns hoch. Andrin war im Juli mal bei uns zu Gast und kommt jetzt &#8222;schnuppern&#8220; um evtl. bei uns im Winterteam zu sein. Myriam wird mit uns den Herbst und<\/p>","protected":false},"author":1,"featured_media":0,"comment_status":"closed","ping_status":"closed","sticky":false,"template":"","format":"standard","meta":{"inline_featured_image":false,"footnotes":""},"categories":[1],"tags":[],"class_list":["post-1806","post","type-post","status-publish","format-standard","hentry","category-allgemein"],"_links":{"self":[{"href":"http:\/\/www.chamannajenatsch.ch\/en\/wp-json\/wp\/v2\/posts\/1806","targetHints":{"allow":["GET"]}}],"collection":[{"href":"http:\/\/www.chamannajenatsch.ch\/en\/wp-json\/wp\/v2\/posts"}],"about":[{"href":"http:\/\/www.chamannajenatsch.ch\/en\/wp-json\/wp\/v2\/types\/post"}],"author":[{"embeddable":true,"href":"http:\/\/www.chamannajenatsch.ch\/en\/wp-json\/wp\/v2\/users\/1"}],"replies":[{"embeddable":true,"href":"http:\/\/www.chamannajenatsch.ch\/en\/wp-json\/wp\/v2\/comments?post=1806"}],"version-history":[{"count":1,"href":"http:\/\/www.chamannajenatsch.ch\/en\/wp-json\/wp\/v2\/posts\/1806\/revisions"}],"predecessor-version":[{"id":1808,"href":"http:\/\/www.chamannajenatsch.ch\/en\/wp-json\/wp\/v2\/posts\/1806\/revisions\/1808"}],"wp:attachment":[{"href":"http:\/\/www.chamannajenatsch.ch\/en\/wp-json\/wp\/v2\/media?parent=1806"}],"wp:term":[{"taxonomy":"category","embeddable":true,"href":"http:\/\/www.chamannajenatsch.ch\/en\/wp-json\/wp\/v2\/categories?post=1806"},{"taxonomy":"post_tag","embeddable":true,"href":"http:\/\/www.chamannajenatsch.ch\/en\/wp-json\/wp\/v2\/tags?post=1806"}],"curies":[{"name":"wp","href":"https:\/\/api.w.org\/{rel}","templated":true}]}}