{"id":1869,"date":"2019-09-25T09:23:26","date_gmt":"2019-09-25T07:23:26","guid":{"rendered":"http:\/\/www.chamannajenatsch.ch\/?p=1869"},"modified":"2019-09-25T09:23:29","modified_gmt":"2019-09-25T07:23:29","slug":"abendstimmung-25-sept","status":"publish","type":"post","link":"http:\/\/www.chamannajenatsch.ch\/en\/2019\/09\/25\/abendstimmung-25-sept\/","title":{"rendered":"Abendstimmung &#8211; 25. Sept"},"content":{"rendered":"<p>Gestern Abend hat der Himmel aufgerissen und zum Sonnenuntergang wurde es richtig sch\u00f6n. Es ist eben nicht nur sch\u00f6n wenn es strahlend blau ist. Mit dem richtigen Wolken &#8211; Sonne Mix ist es eben auch speziell. <br>Nach einer spontanen Absage hatten wir nur noch einen Gast gestern Abend. Anstatt in der Stube einzuheizen, haben wir sie spontan in die K\u00fcche eingeladen und so haben wir zusammen am K\u00fcchentisch ein feines Herbstmenu (K\u00fcrbissuppe, Pilzrisotto und Zwetschgendessert) genossen und ein bisschen gepl\u00e4udert. Die feinen Sachen und vieles mehr kamen gestern Nachmittag mit der HeliBernina, wir sind jetzt also gut ausger\u00fcstet f\u00fcr den Saisonschluss und warten nur auf Euch hungrige G\u00e4ste \ud83d\ude09<br>Neben Essen und Getr\u00e4nke kam unter anderem auch eine neue Akkubohrmaschine und Material, damit Dani an der Wasserfassung weiterbauen kann und die Sch\u00e4den vom letzten Winter hoffentlich vor dem n\u00e4chsten Winter reparieren kann. Vielen lieben Dank Alberto f\u00fcrs Organisieren im Tal \ud83d\ude42<\/p>\n\n\n\n<figure class=\"wp-block-image\"><img fetchpriority=\"high\" decoding=\"async\" width=\"1024\" height=\"576\" src=\"http:\/\/www.chamannajenatsch.ch\/wp-content\/uploads\/2019\/09\/WhatsApp-Image-2019-09-25-at-09.11.56-1024x576.jpeg\" alt=\"\" class=\"wp-image-1867\" srcset=\"http:\/\/www.chamannajenatsch.ch\/wp-content\/uploads\/2019\/09\/WhatsApp-Image-2019-09-25-at-09.11.56-1024x576.jpeg 1024w, http:\/\/www.chamannajenatsch.ch\/wp-content\/uploads\/2019\/09\/WhatsApp-Image-2019-09-25-at-09.11.56-300x169.jpeg 300w, http:\/\/www.chamannajenatsch.ch\/wp-content\/uploads\/2019\/09\/WhatsApp-Image-2019-09-25-at-09.11.56-768x432.jpeg 768w, http:\/\/www.chamannajenatsch.ch\/wp-content\/uploads\/2019\/09\/WhatsApp-Image-2019-09-25-at-09.11.56.jpeg 1920w\" sizes=\"(max-width: 1024px) 100vw, 1024px\" \/><\/figure>","protected":false},"excerpt":{"rendered":"<p>Gestern Abend hat der Himmel aufgerissen und zum Sonnenuntergang wurde es richtig sch\u00f6n. Es ist eben nicht nur sch\u00f6n wenn es strahlend blau ist. Mit dem richtigen Wolken &#8211; Sonne Mix ist es eben auch speziell. Nach einer spontanen Absage<\/p>","protected":false},"author":1,"featured_media":0,"comment_status":"closed","ping_status":"closed","sticky":false,"template":"","format":"standard","meta":{"inline_featured_image":false,"footnotes":""},"categories":[1],"tags":[],"class_list":["post-1869","post","type-post","status-publish","format-standard","hentry","category-allgemein"],"_links":{"self":[{"href":"http:\/\/www.chamannajenatsch.ch\/en\/wp-json\/wp\/v2\/posts\/1869","targetHints":{"allow":["GET"]}}],"collection":[{"href":"http:\/\/www.chamannajenatsch.ch\/en\/wp-json\/wp\/v2\/posts"}],"about":[{"href":"http:\/\/www.chamannajenatsch.ch\/en\/wp-json\/wp\/v2\/types\/post"}],"author":[{"embeddable":true,"href":"http:\/\/www.chamannajenatsch.ch\/en\/wp-json\/wp\/v2\/users\/1"}],"replies":[{"embeddable":true,"href":"http:\/\/www.chamannajenatsch.ch\/en\/wp-json\/wp\/v2\/comments?post=1869"}],"version-history":[{"count":1,"href":"http:\/\/www.chamannajenatsch.ch\/en\/wp-json\/wp\/v2\/posts\/1869\/revisions"}],"predecessor-version":[{"id":1870,"href":"http:\/\/www.chamannajenatsch.ch\/en\/wp-json\/wp\/v2\/posts\/1869\/revisions\/1870"}],"wp:attachment":[{"href":"http:\/\/www.chamannajenatsch.ch\/en\/wp-json\/wp\/v2\/media?parent=1869"}],"wp:term":[{"taxonomy":"category","embeddable":true,"href":"http:\/\/www.chamannajenatsch.ch\/en\/wp-json\/wp\/v2\/categories?post=1869"},{"taxonomy":"post_tag","embeddable":true,"href":"http:\/\/www.chamannajenatsch.ch\/en\/wp-json\/wp\/v2\/tags?post=1869"}],"curies":[{"name":"wp","href":"https:\/\/api.w.org\/{rel}","templated":true}]}}