{"id":1871,"date":"2019-09-26T11:05:23","date_gmt":"2019-09-26T09:05:23","guid":{"rendered":"http:\/\/www.chamannajenatsch.ch\/?p=1871"},"modified":"2019-09-26T11:05:26","modified_gmt":"2019-09-26T09:05:26","slug":"lange-hosen-26-sept","status":"publish","type":"post","link":"http:\/\/www.chamannajenatsch.ch\/en\/2019\/09\/26\/lange-hosen-26-sept\/","title":{"rendered":"Lange Hosen &#8211; 26. Sept"},"content":{"rendered":"<p>Ja, der Sommer ist anscheinend definitiv vorbei: Dani hat gestern lange Hosen angezogen! Nachdem er sich bis jetzt den ganzen Sommer die kurzen Hosen montiert hatte (ok, teilweise mit den Winterstiefeln, z.B. um den Heli im Schnee auszuladen) war gestern dann doch fertig. Auch haben wir nach den durchzogenen Tagen in der K\u00fcche gefeuert um wieder Warmwasser f\u00fcr ein paar Waschmaschinen und den Geschirrsp\u00fcler zu machen. <br>Ja und sonst, Buchhaltung machen, Tee trinken und auf G\u00e4ste warten&#8230; Am Wochenende sieht es ziemlich gut aus und auch haben wir dann wieder mehr Anmeldungen und Simona die uns unterst\u00fctzen kommt \ud83d\ude42<\/p>","protected":false},"excerpt":{"rendered":"<p>Ja, der Sommer ist anscheinend definitiv vorbei: Dani hat gestern lange Hosen angezogen! Nachdem er sich bis jetzt den ganzen Sommer die kurzen Hosen montiert hatte (ok, teilweise mit den Winterstiefeln, z.B. um den Heli im Schnee auszuladen) war gestern<\/p>","protected":false},"author":1,"featured_media":0,"comment_status":"closed","ping_status":"closed","sticky":false,"template":"","format":"standard","meta":{"inline_featured_image":false,"footnotes":""},"categories":[1],"tags":[],"class_list":["post-1871","post","type-post","status-publish","format-standard","hentry","category-allgemein"],"_links":{"self":[{"href":"http:\/\/www.chamannajenatsch.ch\/en\/wp-json\/wp\/v2\/posts\/1871","targetHints":{"allow":["GET"]}}],"collection":[{"href":"http:\/\/www.chamannajenatsch.ch\/en\/wp-json\/wp\/v2\/posts"}],"about":[{"href":"http:\/\/www.chamannajenatsch.ch\/en\/wp-json\/wp\/v2\/types\/post"}],"author":[{"embeddable":true,"href":"http:\/\/www.chamannajenatsch.ch\/en\/wp-json\/wp\/v2\/users\/1"}],"replies":[{"embeddable":true,"href":"http:\/\/www.chamannajenatsch.ch\/en\/wp-json\/wp\/v2\/comments?post=1871"}],"version-history":[{"count":1,"href":"http:\/\/www.chamannajenatsch.ch\/en\/wp-json\/wp\/v2\/posts\/1871\/revisions"}],"predecessor-version":[{"id":1872,"href":"http:\/\/www.chamannajenatsch.ch\/en\/wp-json\/wp\/v2\/posts\/1871\/revisions\/1872"}],"wp:attachment":[{"href":"http:\/\/www.chamannajenatsch.ch\/en\/wp-json\/wp\/v2\/media?parent=1871"}],"wp:term":[{"taxonomy":"category","embeddable":true,"href":"http:\/\/www.chamannajenatsch.ch\/en\/wp-json\/wp\/v2\/categories?post=1871"},{"taxonomy":"post_tag","embeddable":true,"href":"http:\/\/www.chamannajenatsch.ch\/en\/wp-json\/wp\/v2\/tags?post=1871"}],"curies":[{"name":"wp","href":"https:\/\/api.w.org\/{rel}","templated":true}]}}