{"id":2194,"date":"2020-03-08T18:29:53","date_gmt":"2020-03-08T17:29:53","guid":{"rendered":"http:\/\/www.chamannajenatsch.ch\/?p=2194"},"modified":"2020-03-08T18:29:55","modified_gmt":"2020-03-08T17:29:55","slug":"spatzen-maesten-8-maerz","status":"publish","type":"post","link":"http:\/\/www.chamannajenatsch.ch\/en\/2020\/03\/08\/spatzen-maesten-8-maerz\/","title":{"rendered":"Spatzen m\u00e4sten &#8211; 8. M\u00e4rz"},"content":{"rendered":"<p>Heute hatten wir pr\u00e4chtiges Sonntagswetter. Nach dem H\u00fcttenwusel haben wir es uns auf der Terrasse gem\u00fctlich gemacht, die Sonne genossen und nebenbei einen Test gemacht. Baumn\u00fcsse (Tipp eines fleissigen Tagebuchlesers) gegen Sonnenblumenkerne! Also unsere Schneespatzen bevorzugen defintiv die Sonnenblumenkerne! Die kleinen Kerlchen futtern ganz sch\u00f6n tapfer f\u00fcr das, dass sie wohl nur ein paar Gramm wiegen \ud83d\ude1b<br>Irgendwann kamen dann die ersten G\u00e4ste zur\u00fcck von Ihrer Tour und das H\u00fcttenteam und die Spatzen mussten die Terrasse wieder r\u00e4umen. <br><br>So, jetzt ist auch schon Znacht Zeit! Bis morgen \ud83d\ude09 <br><br><br><\/p>","protected":false},"excerpt":{"rendered":"<p>Heute hatten wir pr\u00e4chtiges Sonntagswetter. Nach dem H\u00fcttenwusel haben wir es uns auf der Terrasse gem\u00fctlich gemacht, die Sonne genossen und nebenbei einen Test gemacht. Baumn\u00fcsse (Tipp eines fleissigen Tagebuchlesers) gegen Sonnenblumenkerne! Also unsere Schneespatzen bevorzugen defintiv die Sonnenblumenkerne! Die<\/p>","protected":false},"author":1,"featured_media":0,"comment_status":"closed","ping_status":"closed","sticky":false,"template":"","format":"standard","meta":{"inline_featured_image":false,"footnotes":""},"categories":[1],"tags":[],"class_list":["post-2194","post","type-post","status-publish","format-standard","hentry","category-allgemein"],"_links":{"self":[{"href":"http:\/\/www.chamannajenatsch.ch\/en\/wp-json\/wp\/v2\/posts\/2194","targetHints":{"allow":["GET"]}}],"collection":[{"href":"http:\/\/www.chamannajenatsch.ch\/en\/wp-json\/wp\/v2\/posts"}],"about":[{"href":"http:\/\/www.chamannajenatsch.ch\/en\/wp-json\/wp\/v2\/types\/post"}],"author":[{"embeddable":true,"href":"http:\/\/www.chamannajenatsch.ch\/en\/wp-json\/wp\/v2\/users\/1"}],"replies":[{"embeddable":true,"href":"http:\/\/www.chamannajenatsch.ch\/en\/wp-json\/wp\/v2\/comments?post=2194"}],"version-history":[{"count":1,"href":"http:\/\/www.chamannajenatsch.ch\/en\/wp-json\/wp\/v2\/posts\/2194\/revisions"}],"predecessor-version":[{"id":2195,"href":"http:\/\/www.chamannajenatsch.ch\/en\/wp-json\/wp\/v2\/posts\/2194\/revisions\/2195"}],"wp:attachment":[{"href":"http:\/\/www.chamannajenatsch.ch\/en\/wp-json\/wp\/v2\/media?parent=2194"}],"wp:term":[{"taxonomy":"category","embeddable":true,"href":"http:\/\/www.chamannajenatsch.ch\/en\/wp-json\/wp\/v2\/categories?post=2194"},{"taxonomy":"post_tag","embeddable":true,"href":"http:\/\/www.chamannajenatsch.ch\/en\/wp-json\/wp\/v2\/tags?post=2194"}],"curies":[{"name":"wp","href":"https:\/\/api.w.org\/{rel}","templated":true}]}}