{"id":2454,"date":"2020-06-22T14:33:30","date_gmt":"2020-06-22T12:33:30","guid":{"rendered":"http:\/\/www.chamannajenatsch.ch\/?p=2454"},"modified":"2020-06-22T17:38:27","modified_gmt":"2020-06-22T15:38:27","slug":"montagswetter","status":"publish","type":"post","link":"http:\/\/www.chamannajenatsch.ch\/en\/2020\/06\/22\/montagswetter\/","title":{"rendered":"Montagswetter"},"content":{"rendered":"<p>Hallo Sonne??? Wo bleibst du? <br>Jetzt ist es schon seit ein paar Tagen eher eine tr\u00fcbe Angelegenheit und von Sommer ist nix zu sp\u00fcren. Aber ab morgen sollte es ja dann wirklich besser werden und dann schmilzt hoffentlich auch der Schnee bald. <\/p>\n\n\n\n<p>Aber davon abgesehen, kann auch nicht so gutes Wetter seinen Reiz haben und eine solche Wanderung hinterl\u00e4sst vielleicht eher bleibende Erinnerungen als eine bei strahlendem Sonnenschein. Das war zumindest der Fall bei unseren kleinen G\u00e4sten die uns im Herbst mit ihren V\u00e4tern besucht haben. Trotz Regen und Schneefall kamen sie zu uns hoch, die Kinder durchn\u00e4sst und halb erfroren wurden mit heisser Schoggi wieder aufgew\u00e4rmt und erz\u00e4hlen auch jetzt ein halbes Jahr sp\u00e4ter noch, wie sch\u00f6n es bei uns war und dass sie unbedingt wiederkommen wollen! Ein M\u00e4dchen hat uns sogar ein Bild gemalt, von ihrem Besuch damals in der H\u00fctte \ud83d\ude00 <br>Wow, danke liebe Alessa \ud83d\ude42<\/p>\n\n\n\n<div class=\"wp-block-image\"><figure class=\"aligncenter size-medium\"><img fetchpriority=\"high\" decoding=\"async\" width=\"300\" height=\"225\" src=\"http:\/\/www.chamannajenatsch.ch\/wp-content\/uploads\/2020\/06\/WhatsApp-Image-2020-06-20-at-21.27.27-e1592829237780-300x225.jpeg\" alt=\"\" class=\"wp-image-2455\" srcset=\"http:\/\/www.chamannajenatsch.ch\/wp-content\/uploads\/2020\/06\/WhatsApp-Image-2020-06-20-at-21.27.27-e1592829237780-300x225.jpeg 300w, http:\/\/www.chamannajenatsch.ch\/wp-content\/uploads\/2020\/06\/WhatsApp-Image-2020-06-20-at-21.27.27-e1592829237780-1024x768.jpeg 1024w, http:\/\/www.chamannajenatsch.ch\/wp-content\/uploads\/2020\/06\/WhatsApp-Image-2020-06-20-at-21.27.27-e1592829237780-768x576.jpeg 768w, http:\/\/www.chamannajenatsch.ch\/wp-content\/uploads\/2020\/06\/WhatsApp-Image-2020-06-20-at-21.27.27-e1592829237780-1536x1152.jpeg 1536w, http:\/\/www.chamannajenatsch.ch\/wp-content\/uploads\/2020\/06\/WhatsApp-Image-2020-06-20-at-21.27.27-e1592829237780.jpeg 2048w\" sizes=\"(max-width: 300px) 100vw, 300px\" \/><\/figure><\/div>\n\n\n\n<p><\/p>","protected":false},"excerpt":{"rendered":"<p>Hallo Sonne??? Wo bleibst du? Jetzt ist es schon seit ein paar Tagen eher eine tr\u00fcbe Angelegenheit und von Sommer ist nix zu sp\u00fcren. Aber ab morgen sollte es ja dann wirklich besser werden und dann schmilzt hoffentlich auch der<\/p>","protected":false},"author":1,"featured_media":0,"comment_status":"closed","ping_status":"closed","sticky":false,"template":"","format":"standard","meta":{"inline_featured_image":false,"footnotes":""},"categories":[1],"tags":[],"class_list":["post-2454","post","type-post","status-publish","format-standard","hentry","category-allgemein"],"_links":{"self":[{"href":"http:\/\/www.chamannajenatsch.ch\/en\/wp-json\/wp\/v2\/posts\/2454","targetHints":{"allow":["GET"]}}],"collection":[{"href":"http:\/\/www.chamannajenatsch.ch\/en\/wp-json\/wp\/v2\/posts"}],"about":[{"href":"http:\/\/www.chamannajenatsch.ch\/en\/wp-json\/wp\/v2\/types\/post"}],"author":[{"embeddable":true,"href":"http:\/\/www.chamannajenatsch.ch\/en\/wp-json\/wp\/v2\/users\/1"}],"replies":[{"embeddable":true,"href":"http:\/\/www.chamannajenatsch.ch\/en\/wp-json\/wp\/v2\/comments?post=2454"}],"version-history":[{"count":2,"href":"http:\/\/www.chamannajenatsch.ch\/en\/wp-json\/wp\/v2\/posts\/2454\/revisions"}],"predecessor-version":[{"id":2457,"href":"http:\/\/www.chamannajenatsch.ch\/en\/wp-json\/wp\/v2\/posts\/2454\/revisions\/2457"}],"wp:attachment":[{"href":"http:\/\/www.chamannajenatsch.ch\/en\/wp-json\/wp\/v2\/media?parent=2454"}],"wp:term":[{"taxonomy":"category","embeddable":true,"href":"http:\/\/www.chamannajenatsch.ch\/en\/wp-json\/wp\/v2\/categories?post=2454"},{"taxonomy":"post_tag","embeddable":true,"href":"http:\/\/www.chamannajenatsch.ch\/en\/wp-json\/wp\/v2\/tags?post=2454"}],"curies":[{"name":"wp","href":"https:\/\/api.w.org\/{rel}","templated":true}]}}