{"id":2470,"date":"2020-06-26T11:54:43","date_gmt":"2020-06-26T09:54:43","guid":{"rendered":"http:\/\/www.chamannajenatsch.ch\/?p=2470"},"modified":"2020-06-26T11:54:46","modified_gmt":"2020-06-26T09:54:46","slug":"jenatsch-am-see","status":"publish","type":"post","link":"http:\/\/www.chamannajenatsch.ch\/en\/2020\/06\/26\/jenatsch-am-see\/","title":{"rendered":"Jenatsch am See"},"content":{"rendered":"<p>Jaja, wer h\u00e4tte das gedacht: aus dem richtigen Blickwinkel liegt unsere H\u00fctte an einem kleinen Bergseeli! Zum Baden ist das Seeli vielleicht ein bisschen klein, aber die F\u00fcsse abk\u00fchlen, das klappt. Oder einfach sch\u00f6ne Abendstimmungen geniessen und Spiegelbilder fotografieren. <\/p>\n\n\n\n<figure class=\"wp-block-image size-large\"><img fetchpriority=\"high\" decoding=\"async\" width=\"1024\" height=\"683\" src=\"http:\/\/www.chamannajenatsch.ch\/wp-content\/uploads\/2020\/06\/JenatschAmSee5DS5663-1024x683.jpg\" alt=\"\" class=\"wp-image-2471\" srcset=\"http:\/\/www.chamannajenatsch.ch\/wp-content\/uploads\/2020\/06\/JenatschAmSee5DS5663-1024x683.jpg 1024w, http:\/\/www.chamannajenatsch.ch\/wp-content\/uploads\/2020\/06\/JenatschAmSee5DS5663-300x200.jpg 300w, http:\/\/www.chamannajenatsch.ch\/wp-content\/uploads\/2020\/06\/JenatschAmSee5DS5663-768x512.jpg 768w, http:\/\/www.chamannajenatsch.ch\/wp-content\/uploads\/2020\/06\/JenatschAmSee5DS5663.jpg 1200w\" sizes=\"(max-width: 1024px) 100vw, 1024px\" \/><\/figure>\n\n\n\n<p>Wir wurden gestern Abend von Gewittern verschont, auch wenn es am Julierpass ganz sch\u00f6n schwarz war und geblitzt hat. So musste Simona richtig Gas geben, um dem Gewitter davonzulaufen. In einer Rekordzeit von etwas mehr als zwei Stunden ist sie dann ziemlich m\u00fcde bei uns eingetroffen. Das K\u00fcchenteam (6 plus Hund) war somit deutlich in der \u00dcberzahl zu den G\u00e4sten in der Stube (4), und auch die Lautst\u00e4rke war in der K\u00fcche etwas \u00fcberdurchschnittlich. Wir hatten uns doch alle schon lange nicht mehr gesehen und zudem hatten wir noch eine gute Flasche Wein (ein Magnum aus dem sch\u00f6nen Wallis, die von Simon mitsamt eleganter Holzkiste hochgetragen worden war), die noch zur guten Stimmung beigetragen hat \ud83d\ude09 <\/p>","protected":false},"excerpt":{"rendered":"<p>Jaja, wer h\u00e4tte das gedacht: aus dem richtigen Blickwinkel liegt unsere H\u00fctte an einem kleinen Bergseeli! Zum Baden ist das Seeli vielleicht ein bisschen klein, aber die F\u00fcsse abk\u00fchlen, das klappt. Oder einfach sch\u00f6ne Abendstimmungen geniessen und Spiegelbilder fotografieren. Wir<\/p>","protected":false},"author":1,"featured_media":0,"comment_status":"closed","ping_status":"closed","sticky":false,"template":"","format":"standard","meta":{"inline_featured_image":false,"footnotes":""},"categories":[1],"tags":[],"class_list":["post-2470","post","type-post","status-publish","format-standard","hentry","category-allgemein"],"_links":{"self":[{"href":"http:\/\/www.chamannajenatsch.ch\/en\/wp-json\/wp\/v2\/posts\/2470","targetHints":{"allow":["GET"]}}],"collection":[{"href":"http:\/\/www.chamannajenatsch.ch\/en\/wp-json\/wp\/v2\/posts"}],"about":[{"href":"http:\/\/www.chamannajenatsch.ch\/en\/wp-json\/wp\/v2\/types\/post"}],"author":[{"embeddable":true,"href":"http:\/\/www.chamannajenatsch.ch\/en\/wp-json\/wp\/v2\/users\/1"}],"replies":[{"embeddable":true,"href":"http:\/\/www.chamannajenatsch.ch\/en\/wp-json\/wp\/v2\/comments?post=2470"}],"version-history":[{"count":1,"href":"http:\/\/www.chamannajenatsch.ch\/en\/wp-json\/wp\/v2\/posts\/2470\/revisions"}],"predecessor-version":[{"id":2472,"href":"http:\/\/www.chamannajenatsch.ch\/en\/wp-json\/wp\/v2\/posts\/2470\/revisions\/2472"}],"wp:attachment":[{"href":"http:\/\/www.chamannajenatsch.ch\/en\/wp-json\/wp\/v2\/media?parent=2470"}],"wp:term":[{"taxonomy":"category","embeddable":true,"href":"http:\/\/www.chamannajenatsch.ch\/en\/wp-json\/wp\/v2\/categories?post=2470"},{"taxonomy":"post_tag","embeddable":true,"href":"http:\/\/www.chamannajenatsch.ch\/en\/wp-json\/wp\/v2\/tags?post=2470"}],"curies":[{"name":"wp","href":"https:\/\/api.w.org\/{rel}","templated":true}]}}