{"id":2476,"date":"2020-06-28T15:33:33","date_gmt":"2020-06-28T13:33:33","guid":{"rendered":"http:\/\/www.chamannajenatsch.ch\/?p=2476"},"modified":"2020-06-28T15:33:35","modified_gmt":"2020-06-28T13:33:35","slug":"badesaison-eroeffnet","status":"publish","type":"post","link":"http:\/\/www.chamannajenatsch.ch\/en\/2020\/06\/28\/badesaison-eroeffnet\/","title":{"rendered":"Badesaison er\u00f6ffnet"},"content":{"rendered":"<p>Der Schnee schmilzt, die Bergseeli kommen so langsam zum Vorschein. Momentan kann man wirklich zuschauen wie der Schnee verschwindet. Anfang Woche war der Piz Bever noch komplett weiss und jetzt k\u00f6nnte man hochwandern. Und auch das Gletschertor vom Piz Calderas ist aufgetaut. Meine Eltern waren am Dienstag dort, und es war noch fast nix vom See zu erkennen, heute haben Simona und ich sozusagen die Badesaison er\u00f6ffnet. Ok, es waren nur die F\u00fcsse bis zu den Knie im Wasser, aber es war mit den Eisschollen ja auch schon noch ein biiiitzeli frisch \ud83d\ude09 Aber sch\u00f6\u00f6\u00f6n \ud83d\ude42<\/p>\n\n\n\n<p>Der Andrang h\u00e4lt sich an diesem sch\u00f6nen Sonntag in Grenzen und Dani hat die &#8222;R\u00f6stitime&#8220; alleine bew\u00e4ltigt w\u00e4hrend wir beim Seeli waren. Jetzt konnten wir noch zusammen gem\u00fctlich Zmittag essen und eine Stunde sonnen \ud83d\ude42 Richtiges Sonntagsprogramm \ud83d\ude09<\/p>\n\n\n\n<figure class=\"wp-block-image size-large\"><img fetchpriority=\"high\" decoding=\"async\" width=\"1024\" height=\"629\" src=\"http:\/\/www.chamannajenatsch.ch\/wp-content\/uploads\/2020\/06\/JenatschGletscher5536-1024x629.jpg\" alt=\"\" class=\"wp-image-2479\" srcset=\"http:\/\/www.chamannajenatsch.ch\/wp-content\/uploads\/2020\/06\/JenatschGletscher5536-1024x629.jpg 1024w, http:\/\/www.chamannajenatsch.ch\/wp-content\/uploads\/2020\/06\/JenatschGletscher5536-300x184.jpg 300w, http:\/\/www.chamannajenatsch.ch\/wp-content\/uploads\/2020\/06\/JenatschGletscher5536-768x472.jpg 768w, http:\/\/www.chamannajenatsch.ch\/wp-content\/uploads\/2020\/06\/JenatschGletscher5536-1536x943.jpg 1536w, http:\/\/www.chamannajenatsch.ch\/wp-content\/uploads\/2020\/06\/JenatschGletscher5536.jpg 1954w\" sizes=\"(max-width: 1024px) 100vw, 1024px\" \/><figcaption>Am Dienstag<\/figcaption><\/figure>\n\n\n\n<div class=\"wp-block-image\"><figure class=\"aligncenter size-medium\"><img decoding=\"async\" width=\"169\" height=\"300\" src=\"http:\/\/www.chamannajenatsch.ch\/wp-content\/uploads\/2020\/06\/WhatsApp-Image-2020-06-28-at-14.56.11-169x300.jpeg\" alt=\"\" class=\"wp-image-2477\" srcset=\"http:\/\/www.chamannajenatsch.ch\/wp-content\/uploads\/2020\/06\/WhatsApp-Image-2020-06-28-at-14.56.11-169x300.jpeg 169w, http:\/\/www.chamannajenatsch.ch\/wp-content\/uploads\/2020\/06\/WhatsApp-Image-2020-06-28-at-14.56.11-576x1024.jpeg 576w, http:\/\/www.chamannajenatsch.ch\/wp-content\/uploads\/2020\/06\/WhatsApp-Image-2020-06-28-at-14.56.11-768x1365.jpeg 768w, http:\/\/www.chamannajenatsch.ch\/wp-content\/uploads\/2020\/06\/WhatsApp-Image-2020-06-28-at-14.56.11-864x1536.jpeg 864w, http:\/\/www.chamannajenatsch.ch\/wp-content\/uploads\/2020\/06\/WhatsApp-Image-2020-06-28-at-14.56.11.jpeg 1152w\" sizes=\"(max-width: 169px) 100vw, 169px\" \/><figcaption>und heute Sonntag <\/figcaption><\/figure><\/div>","protected":false},"excerpt":{"rendered":"<p>Der Schnee schmilzt, die Bergseeli kommen so langsam zum Vorschein. Momentan kann man wirklich zuschauen wie der Schnee verschwindet. Anfang Woche war der Piz Bever noch komplett weiss und jetzt k\u00f6nnte man hochwandern. Und auch das Gletschertor vom Piz Calderas<\/p>","protected":false},"author":1,"featured_media":0,"comment_status":"closed","ping_status":"closed","sticky":false,"template":"","format":"standard","meta":{"inline_featured_image":false,"footnotes":""},"categories":[1],"tags":[],"class_list":["post-2476","post","type-post","status-publish","format-standard","hentry","category-allgemein"],"_links":{"self":[{"href":"http:\/\/www.chamannajenatsch.ch\/en\/wp-json\/wp\/v2\/posts\/2476","targetHints":{"allow":["GET"]}}],"collection":[{"href":"http:\/\/www.chamannajenatsch.ch\/en\/wp-json\/wp\/v2\/posts"}],"about":[{"href":"http:\/\/www.chamannajenatsch.ch\/en\/wp-json\/wp\/v2\/types\/post"}],"author":[{"embeddable":true,"href":"http:\/\/www.chamannajenatsch.ch\/en\/wp-json\/wp\/v2\/users\/1"}],"replies":[{"embeddable":true,"href":"http:\/\/www.chamannajenatsch.ch\/en\/wp-json\/wp\/v2\/comments?post=2476"}],"version-history":[{"count":1,"href":"http:\/\/www.chamannajenatsch.ch\/en\/wp-json\/wp\/v2\/posts\/2476\/revisions"}],"predecessor-version":[{"id":2480,"href":"http:\/\/www.chamannajenatsch.ch\/en\/wp-json\/wp\/v2\/posts\/2476\/revisions\/2480"}],"wp:attachment":[{"href":"http:\/\/www.chamannajenatsch.ch\/en\/wp-json\/wp\/v2\/media?parent=2476"}],"wp:term":[{"taxonomy":"category","embeddable":true,"href":"http:\/\/www.chamannajenatsch.ch\/en\/wp-json\/wp\/v2\/categories?post=2476"},{"taxonomy":"post_tag","embeddable":true,"href":"http:\/\/www.chamannajenatsch.ch\/en\/wp-json\/wp\/v2\/tags?post=2476"}],"curies":[{"name":"wp","href":"https:\/\/api.w.org\/{rel}","templated":true}]}}