{"id":2676,"date":"2020-09-04T10:50:33","date_gmt":"2020-09-04T08:50:33","guid":{"rendered":"http:\/\/www.chamannajenatsch.ch\/?p=2676"},"modified":"2020-09-04T10:50:35","modified_gmt":"2020-09-04T08:50:35","slug":"le-sac-a-viande","status":"publish","type":"post","link":"http:\/\/www.chamannajenatsch.ch\/en\/2020\/09\/04\/le-sac-a-viande\/","title":{"rendered":"Le sac \u00e0 viande"},"content":{"rendered":"<p>Gerne teilen wir unsere neu gewonnenen Franz\u00f6sichkenntnisse mit euch! Dieses Jahr haben wir \u00fcberdurchschnittlich viele franz\u00f6sischsprechenden G\u00e4ste bei uns, vor allem aus der Romandie. Das ist dann immer wieder die Gelegenheit, das eigene Franz\u00f6sisch ein bisschen aufzupolieren, wieder selber ein bisschen zu \u00fcben und neue W\u00f6rter zu lernen. Le sac \u00e0 viande, das ist das Wort des Jahres! Wusstet ihr das? Ein H\u00fcttenschlafsack auf franz\u00f6sisch ist also eine Fleischverpackung sozusagen \ud83d\ude1b Eigentlich ja nicht ganz falsch aber ohne den Kontext zu kennen, h\u00e4tte ich bei einem sac \u00e0 viande vielleicht an einen speziellen Stoffsack gedacht um Schinken zu lagern im Keller oder so \ud83d\ude09 Aber nicht an die &#8222;Lagerung&#8220; unserer G\u00e4ste \u00fcber Nacht! <br>Jaja so lernen wir immer wieder etwas dazu \ud83d\ude09 Beim Italienisch probieren wir auch immer wieder etwas zu lernen, aber da sind wir mehr noch mit den Zahlen und so banalen Sachen wie Messer und Gabel besch\u00e4ftigt&#8230; Hier m\u00fcssen wir im Herbst noch wieder ein bisschen fleissiger weiter\u00fcben!<br>So, jetzt ist Coffee Time auf der Terasse \ud83d\ude42<\/p>","protected":false},"excerpt":{"rendered":"<p>Gerne teilen wir unsere neu gewonnenen Franz\u00f6sichkenntnisse mit euch! Dieses Jahr haben wir \u00fcberdurchschnittlich viele franz\u00f6sischsprechenden G\u00e4ste bei uns, vor allem aus der Romandie. Das ist dann immer wieder die Gelegenheit, das eigene Franz\u00f6sisch ein bisschen aufzupolieren, wieder selber ein<\/p>","protected":false},"author":1,"featured_media":0,"comment_status":"closed","ping_status":"closed","sticky":false,"template":"","format":"standard","meta":{"inline_featured_image":false,"footnotes":""},"categories":[1],"tags":[],"class_list":["post-2676","post","type-post","status-publish","format-standard","hentry","category-allgemein"],"_links":{"self":[{"href":"http:\/\/www.chamannajenatsch.ch\/en\/wp-json\/wp\/v2\/posts\/2676","targetHints":{"allow":["GET"]}}],"collection":[{"href":"http:\/\/www.chamannajenatsch.ch\/en\/wp-json\/wp\/v2\/posts"}],"about":[{"href":"http:\/\/www.chamannajenatsch.ch\/en\/wp-json\/wp\/v2\/types\/post"}],"author":[{"embeddable":true,"href":"http:\/\/www.chamannajenatsch.ch\/en\/wp-json\/wp\/v2\/users\/1"}],"replies":[{"embeddable":true,"href":"http:\/\/www.chamannajenatsch.ch\/en\/wp-json\/wp\/v2\/comments?post=2676"}],"version-history":[{"count":1,"href":"http:\/\/www.chamannajenatsch.ch\/en\/wp-json\/wp\/v2\/posts\/2676\/revisions"}],"predecessor-version":[{"id":2677,"href":"http:\/\/www.chamannajenatsch.ch\/en\/wp-json\/wp\/v2\/posts\/2676\/revisions\/2677"}],"wp:attachment":[{"href":"http:\/\/www.chamannajenatsch.ch\/en\/wp-json\/wp\/v2\/media?parent=2676"}],"wp:term":[{"taxonomy":"category","embeddable":true,"href":"http:\/\/www.chamannajenatsch.ch\/en\/wp-json\/wp\/v2\/categories?post=2676"},{"taxonomy":"post_tag","embeddable":true,"href":"http:\/\/www.chamannajenatsch.ch\/en\/wp-json\/wp\/v2\/tags?post=2676"}],"curies":[{"name":"wp","href":"https:\/\/api.w.org\/{rel}","templated":true}]}}