{"id":2688,"date":"2020-09-08T15:18:27","date_gmt":"2020-09-08T13:18:27","guid":{"rendered":"http:\/\/www.chamannajenatsch.ch\/?p=2688"},"modified":"2020-09-08T15:18:29","modified_gmt":"2020-09-08T13:18:29","slug":"joggen","status":"publish","type":"post","link":"http:\/\/www.chamannajenatsch.ch\/en\/2020\/09\/08\/joggen\/","title":{"rendered":"Joggen"},"content":{"rendered":"<p>Heute war ich eine Runde joggen. Wenn ich mich an fr\u00fcher erinnere, joggen entlang der Glatt in D\u00fcbendorf und heute, joggen bis zum Gletscherseeli, das ist schon ein kleiner Unterschied \ud83d\ude42 <br>Dann bin ich auch nicht m\u00fcde nach 20 min weil es langweilig ist \ud83d\ude1b <br><br>Jetzt haben wir schon einige Tagesg\u00e4ste auf der Terasse und auch die ersten \u00dcbernachtungsg\u00e4ste sind eingetroffen. Heute haben wir mehrere gr\u00f6ssere Gruppen und ca. 30 G\u00e4ste insgesamt. Ich mache also jetzt noch ein bisschen &#8222;f\u00fcrschi&#8220; dass nachher alles parat ist und wir vielleicht auch noch ein kleines Apero nehmen k\u00f6nnen, es sind n\u00e4mlich auch noch 2 Kolleginnen von Eva zu Besuch \ud83d\ude42<\/p>\n\n\n\n<figure class=\"wp-block-image size-large\"><img fetchpriority=\"high\" decoding=\"async\" width=\"1024\" height=\"330\" src=\"http:\/\/www.chamannajenatsch.ch\/wp-content\/uploads\/2020\/09\/WhatsApp-Image-2020-09-08-at-15.05.08-1024x330.jpeg\" alt=\"\" class=\"wp-image-2689\" srcset=\"http:\/\/www.chamannajenatsch.ch\/wp-content\/uploads\/2020\/09\/WhatsApp-Image-2020-09-08-at-15.05.08-1024x330.jpeg 1024w, http:\/\/www.chamannajenatsch.ch\/wp-content\/uploads\/2020\/09\/WhatsApp-Image-2020-09-08-at-15.05.08-300x97.jpeg 300w, http:\/\/www.chamannajenatsch.ch\/wp-content\/uploads\/2020\/09\/WhatsApp-Image-2020-09-08-at-15.05.08-768x248.jpeg 768w, http:\/\/www.chamannajenatsch.ch\/wp-content\/uploads\/2020\/09\/WhatsApp-Image-2020-09-08-at-15.05.08-1536x495.jpeg 1536w, http:\/\/www.chamannajenatsch.ch\/wp-content\/uploads\/2020\/09\/WhatsApp-Image-2020-09-08-at-15.05.08.jpeg 2048w\" sizes=\"(max-width: 1024px) 100vw, 1024px\" \/><figcaption>Panorama vom Gletscherseeli mit Piz Picuogl<\/figcaption><\/figure>\n\n\n\n<p><br><\/p>","protected":false},"excerpt":{"rendered":"<p>Heute war ich eine Runde joggen. Wenn ich mich an fr\u00fcher erinnere, joggen entlang der Glatt in D\u00fcbendorf und heute, joggen bis zum Gletscherseeli, das ist schon ein kleiner Unterschied \ud83d\ude42 Dann bin ich auch nicht m\u00fcde nach 20 min<\/p>","protected":false},"author":1,"featured_media":0,"comment_status":"closed","ping_status":"closed","sticky":false,"template":"","format":"standard","meta":{"inline_featured_image":false,"footnotes":""},"categories":[1],"tags":[],"class_list":["post-2688","post","type-post","status-publish","format-standard","hentry","category-allgemein"],"_links":{"self":[{"href":"http:\/\/www.chamannajenatsch.ch\/en\/wp-json\/wp\/v2\/posts\/2688","targetHints":{"allow":["GET"]}}],"collection":[{"href":"http:\/\/www.chamannajenatsch.ch\/en\/wp-json\/wp\/v2\/posts"}],"about":[{"href":"http:\/\/www.chamannajenatsch.ch\/en\/wp-json\/wp\/v2\/types\/post"}],"author":[{"embeddable":true,"href":"http:\/\/www.chamannajenatsch.ch\/en\/wp-json\/wp\/v2\/users\/1"}],"replies":[{"embeddable":true,"href":"http:\/\/www.chamannajenatsch.ch\/en\/wp-json\/wp\/v2\/comments?post=2688"}],"version-history":[{"count":1,"href":"http:\/\/www.chamannajenatsch.ch\/en\/wp-json\/wp\/v2\/posts\/2688\/revisions"}],"predecessor-version":[{"id":2690,"href":"http:\/\/www.chamannajenatsch.ch\/en\/wp-json\/wp\/v2\/posts\/2688\/revisions\/2690"}],"wp:attachment":[{"href":"http:\/\/www.chamannajenatsch.ch\/en\/wp-json\/wp\/v2\/media?parent=2688"}],"wp:term":[{"taxonomy":"category","embeddable":true,"href":"http:\/\/www.chamannajenatsch.ch\/en\/wp-json\/wp\/v2\/categories?post=2688"},{"taxonomy":"post_tag","embeddable":true,"href":"http:\/\/www.chamannajenatsch.ch\/en\/wp-json\/wp\/v2\/tags?post=2688"}],"curies":[{"name":"wp","href":"https:\/\/api.w.org\/{rel}","templated":true}]}}