{"id":2707,"date":"2020-09-14T21:32:08","date_gmt":"2020-09-14T19:32:08","guid":{"rendered":"http:\/\/www.chamannajenatsch.ch\/?p=2707"},"modified":"2020-09-14T21:42:52","modified_gmt":"2020-09-14T19:42:52","slug":"piz-bever","status":"publish","type":"post","link":"http:\/\/www.chamannajenatsch.ch\/en\/2020\/09\/14\/piz-bever\/","title":{"rendered":"Piz Bever"},"content":{"rendered":"<p>Yuhuu, heute hatten Dani und ich frei \ud83d\ude42<br>Vielen lieben Dank an Eva und Nici, die f\u00fcr uns die Stellung gehalten haben, und auch Dankesch\u00f6n an Petrus, der uns so sch\u00f6nes Wetter beschert hat f\u00fcr den einzigen m\u00f6glichen Tag an dem wir zu zweit freimachen konnten. <\/p>\n\n\n\n<p>Wir haben also fr\u00fch gefr\u00fchst\u00fcckt und uns auf den Weg gemacht zum Piz Bever. Jetzt haben wir alle Gipfel in der direkten Jenatschumgebung gemacht \ud83d\ude42 Entweder im Winter oder im Sommer, entweder Dani oder ich waren jetzt auf allen Gipfeln. Der Piz Bever ist weglos, ziemlich steil und ziemlich ger\u00f6llig. Aber die Aussicht ist super sch\u00f6n und so ein Ausflug zu zweit tut gut nach einem Sommer durcharbeiten \ud83d\ude09<\/p>\n\n\n\n<p>Morgen fr\u00fch verl\u00e4sst uns Eva \ud83d\ude41 Ihr Sommereinsatz bei uns ist jetzt schon vorbei! Die Zeit vergeht dann irgendwie immer schnell. Aber sie kommt dann Ende September nochmal f\u00fcr ein paar Tage \ud83d\ude09<\/p>\n\n\n\n<figure class=\"wp-block-image size-large\"><img fetchpriority=\"high\" decoding=\"async\" width=\"1024\" height=\"576\" src=\"http:\/\/www.chamannajenatsch.ch\/wp-content\/uploads\/2020\/09\/WhatsApp-Image-2020-09-14-at-21.39.18-1024x576.jpeg\" alt=\"\" class=\"wp-image-2709\" srcset=\"http:\/\/www.chamannajenatsch.ch\/wp-content\/uploads\/2020\/09\/WhatsApp-Image-2020-09-14-at-21.39.18-1024x576.jpeg 1024w, http:\/\/www.chamannajenatsch.ch\/wp-content\/uploads\/2020\/09\/WhatsApp-Image-2020-09-14-at-21.39.18-300x169.jpeg 300w, http:\/\/www.chamannajenatsch.ch\/wp-content\/uploads\/2020\/09\/WhatsApp-Image-2020-09-14-at-21.39.18-768x432.jpeg 768w, http:\/\/www.chamannajenatsch.ch\/wp-content\/uploads\/2020\/09\/WhatsApp-Image-2020-09-14-at-21.39.18-1536x864.jpeg 1536w, http:\/\/www.chamannajenatsch.ch\/wp-content\/uploads\/2020\/09\/WhatsApp-Image-2020-09-14-at-21.39.18.jpeg 2048w\" sizes=\"(max-width: 1024px) 100vw, 1024px\" \/><\/figure>","protected":false},"excerpt":{"rendered":"<p>Yuhuu, heute hatten Dani und ich frei \ud83d\ude42Vielen lieben Dank an Eva und Nici, die f\u00fcr uns die Stellung gehalten haben, und auch Dankesch\u00f6n an Petrus, der uns so sch\u00f6nes Wetter beschert hat f\u00fcr den einzigen m\u00f6glichen Tag an dem<\/p>","protected":false},"author":1,"featured_media":0,"comment_status":"closed","ping_status":"closed","sticky":false,"template":"","format":"standard","meta":{"inline_featured_image":false,"footnotes":""},"categories":[1],"tags":[],"class_list":["post-2707","post","type-post","status-publish","format-standard","hentry","category-allgemein"],"_links":{"self":[{"href":"http:\/\/www.chamannajenatsch.ch\/en\/wp-json\/wp\/v2\/posts\/2707","targetHints":{"allow":["GET"]}}],"collection":[{"href":"http:\/\/www.chamannajenatsch.ch\/en\/wp-json\/wp\/v2\/posts"}],"about":[{"href":"http:\/\/www.chamannajenatsch.ch\/en\/wp-json\/wp\/v2\/types\/post"}],"author":[{"embeddable":true,"href":"http:\/\/www.chamannajenatsch.ch\/en\/wp-json\/wp\/v2\/users\/1"}],"replies":[{"embeddable":true,"href":"http:\/\/www.chamannajenatsch.ch\/en\/wp-json\/wp\/v2\/comments?post=2707"}],"version-history":[{"count":3,"href":"http:\/\/www.chamannajenatsch.ch\/en\/wp-json\/wp\/v2\/posts\/2707\/revisions"}],"predecessor-version":[{"id":2711,"href":"http:\/\/www.chamannajenatsch.ch\/en\/wp-json\/wp\/v2\/posts\/2707\/revisions\/2711"}],"wp:attachment":[{"href":"http:\/\/www.chamannajenatsch.ch\/en\/wp-json\/wp\/v2\/media?parent=2707"}],"wp:term":[{"taxonomy":"category","embeddable":true,"href":"http:\/\/www.chamannajenatsch.ch\/en\/wp-json\/wp\/v2\/categories?post=2707"},{"taxonomy":"post_tag","embeddable":true,"href":"http:\/\/www.chamannajenatsch.ch\/en\/wp-json\/wp\/v2\/tags?post=2707"}],"curies":[{"name":"wp","href":"https:\/\/api.w.org\/{rel}","templated":true}]}}