{"id":2723,"date":"2020-09-20T20:51:40","date_gmt":"2020-09-20T18:51:40","guid":{"rendered":"http:\/\/www.chamannajenatsch.ch\/?p=2723"},"modified":"2020-09-20T20:52:12","modified_gmt":"2020-09-20T18:52:12","slug":"nachtrag-von-gestern","status":"publish","type":"post","link":"http:\/\/www.chamannajenatsch.ch\/en\/2020\/09\/20\/nachtrag-von-gestern\/","title":{"rendered":"Nachtrag von gestern"},"content":{"rendered":"<p>Gestern haben wir euch dieses Foto noch vorenthalten. Deswegen heute noch als kleinen Nachtrag: unsere Fuchsfamilie \ud83d\ude09 Mama und Pappa Fuchs mit allen Kindern \ud83d\ude09 Eigentlich wollten wir heute draussen ein Foto machen, aber da es zu viel gewindet hat, wurde das Fotoshooting nach drinnen verschoben. <\/p>\n\n\n\n<p>Ansonten war heute ein gem\u00fctlicher Sonntag. Ich bin am Morgen nach dem H\u00fcttenwusel mit C\u00e9lia und Henry bis zur Fuorcla d&#8217;Agnel und Dani und Nici haben den Rest im Haus fertig gemacht. Nachher sassen wir noch eine Weile gem\u00fctlich mit Jachen in den K\u00fcche und anschliessend wurde ein bisschen gekocht, gebacken, B\u00fcro erledigt etc. Unsere 8 G\u00e4ste sehen nun schon ein bisschen m\u00fcde aus und werden sich wohl bald ins Bett verabschieden \ud83d\ude09 <\/p>\n\n\n\n<p>Gute Nacht Euch allen!<\/p>\n\n\n\n<figure class=\"wp-block-image size-large\"><img fetchpriority=\"high\" decoding=\"async\" width=\"1024\" height=\"576\" src=\"http:\/\/www.chamannajenatsch.ch\/wp-content\/uploads\/2020\/09\/WhatsApp-Image-2020-09-20-at-20.42.28-1-1024x576.jpeg\" alt=\"\" class=\"wp-image-2725\" srcset=\"http:\/\/www.chamannajenatsch.ch\/wp-content\/uploads\/2020\/09\/WhatsApp-Image-2020-09-20-at-20.42.28-1-1024x576.jpeg 1024w, http:\/\/www.chamannajenatsch.ch\/wp-content\/uploads\/2020\/09\/WhatsApp-Image-2020-09-20-at-20.42.28-1-300x169.jpeg 300w, http:\/\/www.chamannajenatsch.ch\/wp-content\/uploads\/2020\/09\/WhatsApp-Image-2020-09-20-at-20.42.28-1-768x432.jpeg 768w, http:\/\/www.chamannajenatsch.ch\/wp-content\/uploads\/2020\/09\/WhatsApp-Image-2020-09-20-at-20.42.28-1-1536x864.jpeg 1536w, http:\/\/www.chamannajenatsch.ch\/wp-content\/uploads\/2020\/09\/WhatsApp-Image-2020-09-20-at-20.42.28-1.jpeg 2048w\" sizes=\"(max-width: 1024px) 100vw, 1024px\" \/><\/figure>","protected":false},"excerpt":{"rendered":"<p>Gestern haben wir euch dieses Foto noch vorenthalten. Deswegen heute noch als kleinen Nachtrag: unsere Fuchsfamilie \ud83d\ude09 Mama und Pappa Fuchs mit allen Kindern \ud83d\ude09 Eigentlich wollten wir heute draussen ein Foto machen, aber da es zu viel gewindet hat,<\/p>","protected":false},"author":1,"featured_media":0,"comment_status":"closed","ping_status":"closed","sticky":false,"template":"","format":"standard","meta":{"inline_featured_image":false,"footnotes":""},"categories":[1],"tags":[],"class_list":["post-2723","post","type-post","status-publish","format-standard","hentry","category-allgemein"],"_links":{"self":[{"href":"http:\/\/www.chamannajenatsch.ch\/en\/wp-json\/wp\/v2\/posts\/2723","targetHints":{"allow":["GET"]}}],"collection":[{"href":"http:\/\/www.chamannajenatsch.ch\/en\/wp-json\/wp\/v2\/posts"}],"about":[{"href":"http:\/\/www.chamannajenatsch.ch\/en\/wp-json\/wp\/v2\/types\/post"}],"author":[{"embeddable":true,"href":"http:\/\/www.chamannajenatsch.ch\/en\/wp-json\/wp\/v2\/users\/1"}],"replies":[{"embeddable":true,"href":"http:\/\/www.chamannajenatsch.ch\/en\/wp-json\/wp\/v2\/comments?post=2723"}],"version-history":[{"count":2,"href":"http:\/\/www.chamannajenatsch.ch\/en\/wp-json\/wp\/v2\/posts\/2723\/revisions"}],"predecessor-version":[{"id":2727,"href":"http:\/\/www.chamannajenatsch.ch\/en\/wp-json\/wp\/v2\/posts\/2723\/revisions\/2727"}],"wp:attachment":[{"href":"http:\/\/www.chamannajenatsch.ch\/en\/wp-json\/wp\/v2\/media?parent=2723"}],"wp:term":[{"taxonomy":"category","embeddable":true,"href":"http:\/\/www.chamannajenatsch.ch\/en\/wp-json\/wp\/v2\/categories?post=2723"},{"taxonomy":"post_tag","embeddable":true,"href":"http:\/\/www.chamannajenatsch.ch\/en\/wp-json\/wp\/v2\/tags?post=2723"}],"curies":[{"name":"wp","href":"https:\/\/api.w.org\/{rel}","templated":true}]}}