{"id":3327,"date":"2021-02-14T13:17:58","date_gmt":"2021-02-14T12:17:58","guid":{"rendered":"http:\/\/www.chamannajenatsch.ch\/?p=3327"},"modified":"2021-02-14T13:18:01","modified_gmt":"2021-02-14T12:18:01","slug":"guter-start","status":"publish","type":"post","link":"http:\/\/www.chamannajenatsch.ch\/en\/2021\/02\/14\/guter-start\/","title":{"rendered":"Guter Start"},"content":{"rendered":"<p>Der Start gestern war ganz gut! Alle G\u00e4ste zufrieden und happy in der Stube = wir happy in der K\u00fcche \ud83d\ude09 <br>Letztes Jahr hatte die Skitourensaison \u00e4hnlich gut angefangen, aber dann war ja schnell mal fertig. Jetzt hoffen wir, dass es diesmal gleichgut weitergeht wie es angefangen hat \ud83d\ude09 Das Wetter bleibt auf jeden Fall gut in n\u00e4chster Zeit und dann geht hoffentlich auch die Lawinengefahr langsam runter, dass unsere G\u00e4ste &#8222;beruhigt&#8220; ihre steilen Abfahrten machen k\u00f6nnen, von denen momentan noch eher abzuraten ist. Die ersten haben auch den Weg der Haute Route Richtung Chamanna d&#8217;Es-Cha eingeschlagen, wir sind gespannt welche Route sie schlussendlich gew\u00e4hlt haben. Die Querung nach der H\u00fctte wurde gestern heiss diskutiert, aber heute dann schussendlich umgangen. <br>Dani ist draussen und erweitert die Markierungspfosten f\u00fcr unsere Wasserleitung. Damit man auch im Winter sieht, wo die Leitung durchl\u00e4uft, hat er im Herbst Armierungseisen eingeschlagen, nun sind diese aber fast vollst\u00e4ndig weg und stehen gef\u00e4hrlich spitz aus dem Schnee. Mit einem orangen Plastikrohr verl\u00e4ngert, sind sie dann besser sichtbar und niemand &#8222;verw\u00fctscht&#8220; aus Versehen eine solche Stange beim Abfahren. Thierry ist wie wild am Schnee schaufeln, damit auch die Fenster im UG wieder frei sind und es Tageslicht hat. <br>Ich habe mich getraut Brot im Holzbackofen zu backen, es ist nicht schwarz geworden, puuh und jetzt sehe ich aus dem Fenster die erste Gruppe aus Richtung Piz d&#8217;Err abfahren. Bald werden also einige hungrige M\u00e4uler hier sein und berichten wie es war \ud83d\ude09<\/p>","protected":false},"excerpt":{"rendered":"<p>Der Start gestern war ganz gut! Alle G\u00e4ste zufrieden und happy in der Stube = wir happy in der K\u00fcche \ud83d\ude09 Letztes Jahr hatte die Skitourensaison \u00e4hnlich gut angefangen, aber dann war ja schnell mal fertig. Jetzt hoffen wir, dass<\/p>","protected":false},"author":1,"featured_media":0,"comment_status":"closed","ping_status":"closed","sticky":false,"template":"","format":"standard","meta":{"inline_featured_image":false,"footnotes":""},"categories":[1],"tags":[],"class_list":["post-3327","post","type-post","status-publish","format-standard","hentry","category-allgemein"],"_links":{"self":[{"href":"http:\/\/www.chamannajenatsch.ch\/en\/wp-json\/wp\/v2\/posts\/3327","targetHints":{"allow":["GET"]}}],"collection":[{"href":"http:\/\/www.chamannajenatsch.ch\/en\/wp-json\/wp\/v2\/posts"}],"about":[{"href":"http:\/\/www.chamannajenatsch.ch\/en\/wp-json\/wp\/v2\/types\/post"}],"author":[{"embeddable":true,"href":"http:\/\/www.chamannajenatsch.ch\/en\/wp-json\/wp\/v2\/users\/1"}],"replies":[{"embeddable":true,"href":"http:\/\/www.chamannajenatsch.ch\/en\/wp-json\/wp\/v2\/comments?post=3327"}],"version-history":[{"count":1,"href":"http:\/\/www.chamannajenatsch.ch\/en\/wp-json\/wp\/v2\/posts\/3327\/revisions"}],"predecessor-version":[{"id":3328,"href":"http:\/\/www.chamannajenatsch.ch\/en\/wp-json\/wp\/v2\/posts\/3327\/revisions\/3328"}],"wp:attachment":[{"href":"http:\/\/www.chamannajenatsch.ch\/en\/wp-json\/wp\/v2\/media?parent=3327"}],"wp:term":[{"taxonomy":"category","embeddable":true,"href":"http:\/\/www.chamannajenatsch.ch\/en\/wp-json\/wp\/v2\/categories?post=3327"},{"taxonomy":"post_tag","embeddable":true,"href":"http:\/\/www.chamannajenatsch.ch\/en\/wp-json\/wp\/v2\/tags?post=3327"}],"curies":[{"name":"wp","href":"https:\/\/api.w.org\/{rel}","templated":true}]}}