{"id":3343,"date":"2021-02-16T18:50:10","date_gmt":"2021-02-16T17:50:10","guid":{"rendered":"http:\/\/www.chamannajenatsch.ch\/?p=3343"},"modified":"2021-02-16T18:50:13","modified_gmt":"2021-02-16T17:50:13","slug":"la-bella-polenta-2","status":"publish","type":"post","link":"http:\/\/www.chamannajenatsch.ch\/en\/2021\/02\/16\/la-bella-polenta-2\/","title":{"rendered":"La bella Polenta"},"content":{"rendered":"<p>Huhu Simona! Oggi facciamo la bella polenta \ud83d\ude42 Und bei der ersten Polenta der Saison musste Dani nat\u00fcrlich den bella Polenta Song anstellen, damit Thierry auch weiss von was wir reden \ud83d\ude09<br>Heute morgen haben wir noch ganz entspannt gefr\u00fchst\u00fcckt mit Judith und Sebi, sie haben noch beim Abwasch geholfen und das Beste: Judith kommt im Sommer zu uns \ud83d\ude42 Es hat alles gepasst, wir hatten zwei gute Tage zusammen und freuen uns auf den Sommer. So haben wir unseres Sommerteam schon fast komplett. Lediglich im Juli brauchen wir mal noch ein bisschen Aushilfe \ud83d\ude09<br>In der Stube haben wir plusminus die gleichen G\u00e4ste wie gestern und eine lockere Stimmung. Der Tag heute war viel w\u00e4rmer als gestern und die cleveren G\u00e4ste haben auch den Pulver gefunden und einige sch\u00f6ne Abfahrten machen k\u00f6nnen \ud83d\ude09<br>Jetzt ist Zeit f\u00fcr die Polenta, bis morgen!<\/p>","protected":false},"excerpt":{"rendered":"<p>Huhu Simona! Oggi facciamo la bella polenta \ud83d\ude42 Und bei der ersten Polenta der Saison musste Dani nat\u00fcrlich den bella Polenta Song anstellen, damit Thierry auch weiss von was wir reden \ud83d\ude09Heute morgen haben wir noch ganz entspannt gefr\u00fchst\u00fcckt mit<\/p>","protected":false},"author":1,"featured_media":0,"comment_status":"closed","ping_status":"closed","sticky":false,"template":"","format":"standard","meta":{"inline_featured_image":false,"footnotes":""},"categories":[1],"tags":[],"class_list":["post-3343","post","type-post","status-publish","format-standard","hentry","category-allgemein"],"_links":{"self":[{"href":"http:\/\/www.chamannajenatsch.ch\/en\/wp-json\/wp\/v2\/posts\/3343","targetHints":{"allow":["GET"]}}],"collection":[{"href":"http:\/\/www.chamannajenatsch.ch\/en\/wp-json\/wp\/v2\/posts"}],"about":[{"href":"http:\/\/www.chamannajenatsch.ch\/en\/wp-json\/wp\/v2\/types\/post"}],"author":[{"embeddable":true,"href":"http:\/\/www.chamannajenatsch.ch\/en\/wp-json\/wp\/v2\/users\/1"}],"replies":[{"embeddable":true,"href":"http:\/\/www.chamannajenatsch.ch\/en\/wp-json\/wp\/v2\/comments?post=3343"}],"version-history":[{"count":1,"href":"http:\/\/www.chamannajenatsch.ch\/en\/wp-json\/wp\/v2\/posts\/3343\/revisions"}],"predecessor-version":[{"id":3344,"href":"http:\/\/www.chamannajenatsch.ch\/en\/wp-json\/wp\/v2\/posts\/3343\/revisions\/3344"}],"wp:attachment":[{"href":"http:\/\/www.chamannajenatsch.ch\/en\/wp-json\/wp\/v2\/media?parent=3343"}],"wp:term":[{"taxonomy":"category","embeddable":true,"href":"http:\/\/www.chamannajenatsch.ch\/en\/wp-json\/wp\/v2\/categories?post=3343"},{"taxonomy":"post_tag","embeddable":true,"href":"http:\/\/www.chamannajenatsch.ch\/en\/wp-json\/wp\/v2\/tags?post=3343"}],"curies":[{"name":"wp","href":"https:\/\/api.w.org\/{rel}","templated":true}]}}