{"id":3348,"date":"2021-02-18T21:30:42","date_gmt":"2021-02-18T20:30:42","guid":{"rendered":"http:\/\/www.chamannajenatsch.ch\/?p=3348"},"modified":"2021-02-18T21:30:44","modified_gmt":"2021-02-18T20:30:44","slug":"ein-bisschen-action","status":"publish","type":"post","link":"http:\/\/www.chamannajenatsch.ch\/en\/2021\/02\/18\/ein-bisschen-action\/","title":{"rendered":"Ein bisschen Action"},"content":{"rendered":"<p>Ohjee, jetzt brauche ich schon wieder Erinnerungshilfe, dass ich an das Tagebuch denke! Liebe Gr\u00fcsse nach Waldkirch an dieser Stelle \ud83d\ude09<br>Heute ist deutlich mehr gelaufen als die letzten Tage und alle G\u00e4ste kamen um die gleiche Zeit gegen drei Uhr am Nachmittag zur\u00fcck zur H\u00fctte: R\u00f6sti, Pl\u00e4ttli usw. Kein Stress aber doch ein bisschen Action. Und dann ist Nici nat\u00fcrlich angekommen und wir haben ein bisschen Zeit mit Pl\u00e4udern verbracht. Auch waren die 3 Bergf\u00fchrer die ein paar Tage bei uns sind auf ein Apero in der K\u00fcche. Und so gehts dann schnell mit der Zeit. <\/p>\n\n\n\n<p>Morgen verlassen uns die meisten G\u00e4ste dann. Es ist schon sch\u00f6n so im Winter wenn mehrere l\u00e4nger bei uns bleiben, denn trotz Corona und mehr Abstand als normal, lernt man sich ein bisschen kennen. Morgen Freitag ist es dann ruhiger und am Samstag wieder &#8222;Full House&#8220;.<\/p>","protected":false},"excerpt":{"rendered":"<p>Ohjee, jetzt brauche ich schon wieder Erinnerungshilfe, dass ich an das Tagebuch denke! Liebe Gr\u00fcsse nach Waldkirch an dieser Stelle \ud83d\ude09Heute ist deutlich mehr gelaufen als die letzten Tage und alle G\u00e4ste kamen um die gleiche Zeit gegen drei Uhr<\/p>","protected":false},"author":1,"featured_media":0,"comment_status":"closed","ping_status":"closed","sticky":false,"template":"","format":"standard","meta":{"inline_featured_image":false,"footnotes":""},"categories":[1],"tags":[],"class_list":["post-3348","post","type-post","status-publish","format-standard","hentry","category-allgemein"],"_links":{"self":[{"href":"http:\/\/www.chamannajenatsch.ch\/en\/wp-json\/wp\/v2\/posts\/3348","targetHints":{"allow":["GET"]}}],"collection":[{"href":"http:\/\/www.chamannajenatsch.ch\/en\/wp-json\/wp\/v2\/posts"}],"about":[{"href":"http:\/\/www.chamannajenatsch.ch\/en\/wp-json\/wp\/v2\/types\/post"}],"author":[{"embeddable":true,"href":"http:\/\/www.chamannajenatsch.ch\/en\/wp-json\/wp\/v2\/users\/1"}],"replies":[{"embeddable":true,"href":"http:\/\/www.chamannajenatsch.ch\/en\/wp-json\/wp\/v2\/comments?post=3348"}],"version-history":[{"count":1,"href":"http:\/\/www.chamannajenatsch.ch\/en\/wp-json\/wp\/v2\/posts\/3348\/revisions"}],"predecessor-version":[{"id":3349,"href":"http:\/\/www.chamannajenatsch.ch\/en\/wp-json\/wp\/v2\/posts\/3348\/revisions\/3349"}],"wp:attachment":[{"href":"http:\/\/www.chamannajenatsch.ch\/en\/wp-json\/wp\/v2\/media?parent=3348"}],"wp:term":[{"taxonomy":"category","embeddable":true,"href":"http:\/\/www.chamannajenatsch.ch\/en\/wp-json\/wp\/v2\/categories?post=3348"},{"taxonomy":"post_tag","embeddable":true,"href":"http:\/\/www.chamannajenatsch.ch\/en\/wp-json\/wp\/v2\/tags?post=3348"}],"curies":[{"name":"wp","href":"https:\/\/api.w.org\/{rel}","templated":true}]}}