{"id":3903,"date":"2021-06-23T14:12:31","date_gmt":"2021-06-23T12:12:31","guid":{"rendered":"http:\/\/www.chamannajenatsch.ch\/?p=3903"},"modified":"2021-06-23T14:12:33","modified_gmt":"2021-06-23T12:12:33","slug":"sommersaison","status":"publish","type":"post","link":"http:\/\/www.chamannajenatsch.ch\/en\/2021\/06\/23\/sommersaison\/","title":{"rendered":"Sommersaison"},"content":{"rendered":"<p>Yuhuuu wir sind wieder hier! Hallo ihr lieben und fleissigen Tagebuchleser! Wir hoffen ihr seid alle gesund und munter und geniesst den Sommer!<br>Die Zwischensaison ging zackig vorbei, aber jetzt wo es im Tal so heiss geworden ist, war definitiv Zeit wieder hochzukommen. Wir haben uns riesig gefreut und sch\u00f6n ist es allen im Tal und rund um die H\u00fctte wieder zu begegnen. <br>Gestern haben wir eine grosse Tour gemacht: Bergk\u00e4se und -butter kaufen in Savognin, Kaffee im La Veduta, Ware abliefern bei der HeliBernina, Zmittag in Spinas, Auto abstellen und Plaudern mit Jachen auf der Alp Val, Wiedersehen mit Murmelis und Steinb\u00f6cken auf der Jenatsch \ud83d\ude42 So viele Begegnungen an einem Tag!<\/p>\n\n\n\n<p>Die Sommerquelle haben wir gestern auch noch in Betrieb genommen, die Sommerfassung f\u00fcr das Turbinli umgestellt und diese wieder eingebaut. Heute haben wir bereits die neuen Tiefk\u00fchler und K\u00fchlschrank angeschlossen und die restliche Ware vom Winter umgepackt. <\/p>\n\n\n\n<p>Unser Wildh\u00fcter Thomas Wehrli war heute Morgen auch schon unterwegs und ist spontan bei uns vorbeigekommen \ud83d\ude42 Er hat sich \u00fcber Kaffee und ein 2. Fr\u00fchst\u00fcck gefreut, wir uns \u00fcber den Besuch und die wundersch\u00f6nen Fotos die er gemacht hat von den Tieren rund um die H\u00fctte. Da es noch nicht so viele Leute hat, scheinen \u00fcberall Tiere zu sein! Hirsche, Fuchs, G\u00e4mse, ca. 50 Steinb\u00f6cke, gef\u00fchlte 1000 Murmelis \ud83d\ude42<br>Und wenn die Tiere sich mal verstecken sollten, die Bergblumen laufen nicht weg und sind immer zu sehen \ud83d\ude09<br><br>Wir freuen uns auf die ersten G\u00e4ste heute und auf eine tolle Sommersaison \ud83d\ude42<\/p>","protected":false},"excerpt":{"rendered":"<p>Yuhuuu wir sind wieder hier! Hallo ihr lieben und fleissigen Tagebuchleser! Wir hoffen ihr seid alle gesund und munter und geniesst den Sommer!Die Zwischensaison ging zackig vorbei, aber jetzt wo es im Tal so heiss geworden ist, war definitiv Zeit<\/p>","protected":false},"author":1,"featured_media":0,"comment_status":"closed","ping_status":"closed","sticky":false,"template":"","format":"standard","meta":{"inline_featured_image":false,"footnotes":""},"categories":[1],"tags":[],"class_list":["post-3903","post","type-post","status-publish","format-standard","hentry","category-allgemein"],"_links":{"self":[{"href":"http:\/\/www.chamannajenatsch.ch\/en\/wp-json\/wp\/v2\/posts\/3903","targetHints":{"allow":["GET"]}}],"collection":[{"href":"http:\/\/www.chamannajenatsch.ch\/en\/wp-json\/wp\/v2\/posts"}],"about":[{"href":"http:\/\/www.chamannajenatsch.ch\/en\/wp-json\/wp\/v2\/types\/post"}],"author":[{"embeddable":true,"href":"http:\/\/www.chamannajenatsch.ch\/en\/wp-json\/wp\/v2\/users\/1"}],"replies":[{"embeddable":true,"href":"http:\/\/www.chamannajenatsch.ch\/en\/wp-json\/wp\/v2\/comments?post=3903"}],"version-history":[{"count":1,"href":"http:\/\/www.chamannajenatsch.ch\/en\/wp-json\/wp\/v2\/posts\/3903\/revisions"}],"predecessor-version":[{"id":3904,"href":"http:\/\/www.chamannajenatsch.ch\/en\/wp-json\/wp\/v2\/posts\/3903\/revisions\/3904"}],"wp:attachment":[{"href":"http:\/\/www.chamannajenatsch.ch\/en\/wp-json\/wp\/v2\/media?parent=3903"}],"wp:term":[{"taxonomy":"category","embeddable":true,"href":"http:\/\/www.chamannajenatsch.ch\/en\/wp-json\/wp\/v2\/categories?post=3903"},{"taxonomy":"post_tag","embeddable":true,"href":"http:\/\/www.chamannajenatsch.ch\/en\/wp-json\/wp\/v2\/tags?post=3903"}],"curies":[{"name":"wp","href":"https:\/\/api.w.org\/{rel}","templated":true}]}}