{"id":3925,"date":"2021-06-27T14:40:02","date_gmt":"2021-06-27T12:40:02","guid":{"rendered":"http:\/\/www.chamannajenatsch.ch\/?p=3925"},"modified":"2021-06-27T14:41:23","modified_gmt":"2021-06-27T12:41:23","slug":"wochenende-nr-uno","status":"publish","type":"post","link":"http:\/\/www.chamannajenatsch.ch\/en\/2021\/06\/27\/wochenende-nr-uno\/","title":{"rendered":"Wochenende Nr. Uno"},"content":{"rendered":"<p>Der erste Samstag war zwar trotz sch\u00f6nem Wetter nicht ganz ausgebucht, aber es ist doch etwas gelaufen. Ganz viele vermissten wahrscheinlich das Wellnessen im Tal und unsere Sauna war beliebt und ab 16 Uhr besetzt bis am Abend. Auch wurde das eine oder andere Bier getrunken und noch ein H\u00fcttenkaffi oder Lumumba nach dem Znacht. So waren wir froh, dass Simon und Andrea dan Abwasch geschmissen haben, w\u00e4hrend wir anderweitig besch\u00e4ftigt waren. <\/p>\n\n\n\n<p>Heute Morgen haben wir noch gem\u00fctlich zusammen gefr\u00fchst\u00fcckt, bevor die beiden wieder Richtung Leben im Tal gewandert sind und wir uns dem H\u00fcttenwusel gewidmet haben. Dani hat \u00fcber Mittag dann noch ein St\u00fcck Weg Richtung Julierpass geschaufelt. Der absch\u00fcssige Abschnitt hat nun eine sch\u00f6ne Trasse, dass unsere G\u00e4ste sicher r\u00fcberkommen. Die Fuorcla d&#8217;Agnel braucht aber immer noch eine gute Portion &#8222;Motivation&#8220;, der Schnee ist anstrengend. <\/p>\n\n\n\n<figure class=\"wp-block-image size-large\"><img fetchpriority=\"high\" decoding=\"async\" width=\"1024\" height=\"768\" src=\"http:\/\/www.chamannajenatsch.ch\/wp-content\/uploads\/2021\/06\/Dohli2021-1024x768.jpeg\" alt=\"\" class=\"wp-image-3928\" srcset=\"http:\/\/www.chamannajenatsch.ch\/wp-content\/uploads\/2021\/06\/Dohli2021-1024x768.jpeg 1024w, http:\/\/www.chamannajenatsch.ch\/wp-content\/uploads\/2021\/06\/Dohli2021-300x225.jpeg 300w, http:\/\/www.chamannajenatsch.ch\/wp-content\/uploads\/2021\/06\/Dohli2021-768x576.jpeg 768w, http:\/\/www.chamannajenatsch.ch\/wp-content\/uploads\/2021\/06\/Dohli2021-1536x1152.jpeg 1536w, http:\/\/www.chamannajenatsch.ch\/wp-content\/uploads\/2021\/06\/Dohli2021-16x12.jpeg 16w, http:\/\/www.chamannajenatsch.ch\/wp-content\/uploads\/2021\/06\/Dohli2021.jpeg 2048w\" sizes=\"(max-width: 1024px) 100vw, 1024px\" \/><figcaption>Dohli hat gestern seine Sommerfrisur erhalten und begr\u00fcsst euch bei uns auf der Terrasse \ud83d\ude42<\/figcaption><\/figure>\n\n\n\n<p>Die n\u00e4chsten Tage ist es gem\u00fctlich, wir haben nur wenige G\u00e4ste nun unter der Woche, so dass wir die eine oder andere Pendenz noch abarbeiten k\u00f6nnen und auch noch ein bisschen selber die Jenatschumgebung geniessen k\u00f6nnen vor dem Sommeransturm \ud83d\ude09<\/p>","protected":false},"excerpt":{"rendered":"<p>Der erste Samstag war zwar trotz sch\u00f6nem Wetter nicht ganz ausgebucht, aber es ist doch etwas gelaufen. Ganz viele vermissten wahrscheinlich das Wellnessen im Tal und unsere Sauna war beliebt und ab 16 Uhr besetzt bis am Abend. Auch wurde<\/p>","protected":false},"author":1,"featured_media":0,"comment_status":"closed","ping_status":"closed","sticky":false,"template":"","format":"standard","meta":{"inline_featured_image":false,"footnotes":""},"categories":[1],"tags":[],"class_list":["post-3925","post","type-post","status-publish","format-standard","hentry","category-allgemein"],"_links":{"self":[{"href":"http:\/\/www.chamannajenatsch.ch\/en\/wp-json\/wp\/v2\/posts\/3925","targetHints":{"allow":["GET"]}}],"collection":[{"href":"http:\/\/www.chamannajenatsch.ch\/en\/wp-json\/wp\/v2\/posts"}],"about":[{"href":"http:\/\/www.chamannajenatsch.ch\/en\/wp-json\/wp\/v2\/types\/post"}],"author":[{"embeddable":true,"href":"http:\/\/www.chamannajenatsch.ch\/en\/wp-json\/wp\/v2\/users\/1"}],"replies":[{"embeddable":true,"href":"http:\/\/www.chamannajenatsch.ch\/en\/wp-json\/wp\/v2\/comments?post=3925"}],"version-history":[{"count":2,"href":"http:\/\/www.chamannajenatsch.ch\/en\/wp-json\/wp\/v2\/posts\/3925\/revisions"}],"predecessor-version":[{"id":3929,"href":"http:\/\/www.chamannajenatsch.ch\/en\/wp-json\/wp\/v2\/posts\/3925\/revisions\/3929"}],"wp:attachment":[{"href":"http:\/\/www.chamannajenatsch.ch\/en\/wp-json\/wp\/v2\/media?parent=3925"}],"wp:term":[{"taxonomy":"category","embeddable":true,"href":"http:\/\/www.chamannajenatsch.ch\/en\/wp-json\/wp\/v2\/categories?post=3925"},{"taxonomy":"post_tag","embeddable":true,"href":"http:\/\/www.chamannajenatsch.ch\/en\/wp-json\/wp\/v2\/tags?post=3925"}],"curies":[{"name":"wp","href":"https:\/\/api.w.org\/{rel}","templated":true}]}}