{"id":4161,"date":"2021-08-23T17:26:47","date_gmt":"2021-08-23T15:26:47","guid":{"rendered":"http:\/\/www.chamannajenatsch.ch\/?p=4161"},"modified":"2021-08-23T17:26:50","modified_gmt":"2021-08-23T15:26:50","slug":"die-weissen-bergbaeche","status":"publish","type":"post","link":"http:\/\/www.chamannajenatsch.ch\/en\/2021\/08\/23\/die-weissen-bergbaeche\/","title":{"rendered":"Die weissen Bergb\u00e4che"},"content":{"rendered":"<p>Heute Morgen ist Judith f\u00fcr ein paar Tage ins Tal und wir sind noch zu dritt. Mit dem Ende der Sommerferien ist es aber auch ruhiger bei uns jetzt. Heute sind es etwas mehr als 20 und die n\u00e4chsten Tage dann noch weniger G\u00e4ste zum \u00dcbernachten bei uns. <\/p>\n\n\n\n<p>In den letzten Tagen haben uns mehrere G\u00e4ste nach den weissen B\u00e4chen gefragt. Diese entstehen aus einem Zusammenspiel von abtauendem Permafrost, Pyrit im Gestein und ausf\u00e4llendem Aluminumsulfat. Es gibt ein super Video der Uni Bern in dem das Ph\u00e4nomen erkl\u00e4rt wird: https:\/\/www.youtube.com\/watch?v=Ymey1jDvMj0<\/p>\n\n\n\n<p>Heute werden unsere G\u00e4ste wieder verw\u00f6hnt: K\u00fcrbissuppe, B\u00fcndnergratin und eine Zwetschgenkreation mit Mascarpone und Rahm \ud83d\ude42<\/p>\n\n\n\n<p><\/p>","protected":false},"excerpt":{"rendered":"<p>Heute Morgen ist Judith f\u00fcr ein paar Tage ins Tal und wir sind noch zu dritt. Mit dem Ende der Sommerferien ist es aber auch ruhiger bei uns jetzt. Heute sind es etwas mehr als 20 und die n\u00e4chsten Tage<\/p>","protected":false},"author":1,"featured_media":0,"comment_status":"closed","ping_status":"closed","sticky":false,"template":"","format":"standard","meta":{"inline_featured_image":false,"footnotes":""},"categories":[1],"tags":[],"class_list":["post-4161","post","type-post","status-publish","format-standard","hentry","category-allgemein"],"_links":{"self":[{"href":"http:\/\/www.chamannajenatsch.ch\/en\/wp-json\/wp\/v2\/posts\/4161","targetHints":{"allow":["GET"]}}],"collection":[{"href":"http:\/\/www.chamannajenatsch.ch\/en\/wp-json\/wp\/v2\/posts"}],"about":[{"href":"http:\/\/www.chamannajenatsch.ch\/en\/wp-json\/wp\/v2\/types\/post"}],"author":[{"embeddable":true,"href":"http:\/\/www.chamannajenatsch.ch\/en\/wp-json\/wp\/v2\/users\/1"}],"replies":[{"embeddable":true,"href":"http:\/\/www.chamannajenatsch.ch\/en\/wp-json\/wp\/v2\/comments?post=4161"}],"version-history":[{"count":1,"href":"http:\/\/www.chamannajenatsch.ch\/en\/wp-json\/wp\/v2\/posts\/4161\/revisions"}],"predecessor-version":[{"id":4162,"href":"http:\/\/www.chamannajenatsch.ch\/en\/wp-json\/wp\/v2\/posts\/4161\/revisions\/4162"}],"wp:attachment":[{"href":"http:\/\/www.chamannajenatsch.ch\/en\/wp-json\/wp\/v2\/media?parent=4161"}],"wp:term":[{"taxonomy":"category","embeddable":true,"href":"http:\/\/www.chamannajenatsch.ch\/en\/wp-json\/wp\/v2\/categories?post=4161"},{"taxonomy":"post_tag","embeddable":true,"href":"http:\/\/www.chamannajenatsch.ch\/en\/wp-json\/wp\/v2\/tags?post=4161"}],"curies":[{"name":"wp","href":"https:\/\/api.w.org\/{rel}","templated":true}]}}