{"id":4163,"date":"2021-08-24T17:14:37","date_gmt":"2021-08-24T15:14:37","guid":{"rendered":"http:\/\/www.chamannajenatsch.ch\/?p=4163"},"modified":"2021-08-24T17:14:40","modified_gmt":"2021-08-24T15:14:40","slug":"herbst","status":"publish","type":"post","link":"http:\/\/www.chamannajenatsch.ch\/en\/2021\/08\/24\/herbst\/","title":{"rendered":"Herbst"},"content":{"rendered":"<p>Heute Morgen als ich aufgestanden bin, war das Wetter ganz gut und es hat sich ein sch\u00f6ner Tag angek\u00fcndigt. Der Nebel stieg aus dem Tal hoch und hat sich dann aber nicht wie erwartet und gew\u00fcnscht aufgel\u00f6st, sondern sich schleichend in eine Wolkendecke umgewandelt. Kurz gab es aber eine wundersch\u00f6ne Herbststimmung! Aber nix mit Zmorgen draussen, nix mit W\u00e4sche trocknen draussen. Jetzt wo es n\u00e4mlich ein paar Tage ruhiger ist, haben wir uns das erste Lager zum Waschen vorgenommen. Nuje, dann trocknet es halt langsam im Winterraum anstatt schnell an der Sonne. <\/p>\n\n\n\n<p>Heute Morgen war Jachen wieder mal zu Besuch und auch meine Eltern sind f\u00fcr zwei Tage hochgekommen. Dani hat die Wassert\u00e4nke unter dem Dach geschrubbt. Er war eine ganze Weile besch\u00e4ftigt und wir hatten teilweise kein Wasser im Haus, da ja der Tank geleert werden musste f\u00fcr die Putzaktion. Jetzt ist alles wieder sch\u00f6n durchgesp\u00fclt und blitzblank \ud83d\ude42<br> <\/p>","protected":false},"excerpt":{"rendered":"<p>Heute Morgen als ich aufgestanden bin, war das Wetter ganz gut und es hat sich ein sch\u00f6ner Tag angek\u00fcndigt. Der Nebel stieg aus dem Tal hoch und hat sich dann aber nicht wie erwartet und gew\u00fcnscht aufgel\u00f6st, sondern sich schleichend<\/p>","protected":false},"author":1,"featured_media":0,"comment_status":"closed","ping_status":"closed","sticky":false,"template":"","format":"standard","meta":{"inline_featured_image":false,"footnotes":""},"categories":[1],"tags":[],"class_list":["post-4163","post","type-post","status-publish","format-standard","hentry","category-allgemein"],"_links":{"self":[{"href":"http:\/\/www.chamannajenatsch.ch\/en\/wp-json\/wp\/v2\/posts\/4163","targetHints":{"allow":["GET"]}}],"collection":[{"href":"http:\/\/www.chamannajenatsch.ch\/en\/wp-json\/wp\/v2\/posts"}],"about":[{"href":"http:\/\/www.chamannajenatsch.ch\/en\/wp-json\/wp\/v2\/types\/post"}],"author":[{"embeddable":true,"href":"http:\/\/www.chamannajenatsch.ch\/en\/wp-json\/wp\/v2\/users\/1"}],"replies":[{"embeddable":true,"href":"http:\/\/www.chamannajenatsch.ch\/en\/wp-json\/wp\/v2\/comments?post=4163"}],"version-history":[{"count":1,"href":"http:\/\/www.chamannajenatsch.ch\/en\/wp-json\/wp\/v2\/posts\/4163\/revisions"}],"predecessor-version":[{"id":4164,"href":"http:\/\/www.chamannajenatsch.ch\/en\/wp-json\/wp\/v2\/posts\/4163\/revisions\/4164"}],"wp:attachment":[{"href":"http:\/\/www.chamannajenatsch.ch\/en\/wp-json\/wp\/v2\/media?parent=4163"}],"wp:term":[{"taxonomy":"category","embeddable":true,"href":"http:\/\/www.chamannajenatsch.ch\/en\/wp-json\/wp\/v2\/categories?post=4163"},{"taxonomy":"post_tag","embeddable":true,"href":"http:\/\/www.chamannajenatsch.ch\/en\/wp-json\/wp\/v2\/tags?post=4163"}],"curies":[{"name":"wp","href":"https:\/\/api.w.org\/{rel}","templated":true}]}}