{"id":4165,"date":"2021-08-25T13:45:31","date_gmt":"2021-08-25T11:45:31","guid":{"rendered":"http:\/\/www.chamannajenatsch.ch\/?p=4165"},"modified":"2021-08-25T13:45:33","modified_gmt":"2021-08-25T11:45:33","slug":"sonne-wolken-herbst","status":"publish","type":"post","link":"http:\/\/www.chamannajenatsch.ch\/en\/2021\/08\/25\/sonne-wolken-herbst\/","title":{"rendered":"Sonne &#8211; Wolken &#8211; Herbst"},"content":{"rendered":"<p>Dani ist heute ins Tal f\u00fcr ein paar Tage frei. Da nicht viel l\u00e4uft momentan, kann gut jemand von uns frei machen und sich ein bisschen erholen. Einige G\u00e4ste haben zwar das Gef\u00fchl, dass die Saison nun langsam zu Ende geht, da die Ferienzeit und der Hochsommer doch vorbei sind. Aber da wir noch bis zu den Herbstferien offen haben, geht es nochmals fast 2 Monate. Nat\u00fcrlich ist dann nicht mehr so viel los und es ist nicht so streng wie Juli-August, aber trotzdem muss man jeden Tag aufstehen, Fr\u00fchst\u00fcck machen, putzen, kochen und pr\u00e4sent sein. Ein bisschen Erholung kann also nichts schaden \ud83d\ude09 <br><br>Anina hat es heute Morgen dann doch noch zum Gletscherseeli des Vadret d&#8217;Err geschafft \ud83d\ude42 Das Wetter ist halt immer noch nicht so stabil und sonnig wie gew\u00fcnscht. Am Morgen schwaddert der Nebel umher, und jetzt wechseln sich Sonne und Wolken ab, wobei es mehr Wolken als Sonne sind leider. Aber sie konnte es trotzdem geniessen und da sie ja nur noch bis am Sonntag bei uns ist, musste sie profitieren und konnte nicht abwarten auf einen eventuell goldenen Herbsttag. <\/p>\n\n\n\n<p><\/p>\n\n\n\n<p><\/p>","protected":false},"excerpt":{"rendered":"<p>Dani ist heute ins Tal f\u00fcr ein paar Tage frei. Da nicht viel l\u00e4uft momentan, kann gut jemand von uns frei machen und sich ein bisschen erholen. Einige G\u00e4ste haben zwar das Gef\u00fchl, dass die Saison nun langsam zu Ende<\/p>","protected":false},"author":1,"featured_media":0,"comment_status":"closed","ping_status":"closed","sticky":false,"template":"","format":"standard","meta":{"inline_featured_image":false,"footnotes":""},"categories":[1],"tags":[],"class_list":["post-4165","post","type-post","status-publish","format-standard","hentry","category-allgemein"],"_links":{"self":[{"href":"http:\/\/www.chamannajenatsch.ch\/en\/wp-json\/wp\/v2\/posts\/4165","targetHints":{"allow":["GET"]}}],"collection":[{"href":"http:\/\/www.chamannajenatsch.ch\/en\/wp-json\/wp\/v2\/posts"}],"about":[{"href":"http:\/\/www.chamannajenatsch.ch\/en\/wp-json\/wp\/v2\/types\/post"}],"author":[{"embeddable":true,"href":"http:\/\/www.chamannajenatsch.ch\/en\/wp-json\/wp\/v2\/users\/1"}],"replies":[{"embeddable":true,"href":"http:\/\/www.chamannajenatsch.ch\/en\/wp-json\/wp\/v2\/comments?post=4165"}],"version-history":[{"count":1,"href":"http:\/\/www.chamannajenatsch.ch\/en\/wp-json\/wp\/v2\/posts\/4165\/revisions"}],"predecessor-version":[{"id":4166,"href":"http:\/\/www.chamannajenatsch.ch\/en\/wp-json\/wp\/v2\/posts\/4165\/revisions\/4166"}],"wp:attachment":[{"href":"http:\/\/www.chamannajenatsch.ch\/en\/wp-json\/wp\/v2\/media?parent=4165"}],"wp:term":[{"taxonomy":"category","embeddable":true,"href":"http:\/\/www.chamannajenatsch.ch\/en\/wp-json\/wp\/v2\/categories?post=4165"},{"taxonomy":"post_tag","embeddable":true,"href":"http:\/\/www.chamannajenatsch.ch\/en\/wp-json\/wp\/v2\/tags?post=4165"}],"curies":[{"name":"wp","href":"https:\/\/api.w.org\/{rel}","templated":true}]}}