{"id":4167,"date":"2021-08-28T10:55:58","date_gmt":"2021-08-28T08:55:58","guid":{"rendered":"http:\/\/www.chamannajenatsch.ch\/?p=4167"},"modified":"2021-08-28T10:55:59","modified_gmt":"2021-08-28T08:55:59","slug":"besuche-2","status":"publish","type":"post","link":"http:\/\/www.chamannajenatsch.ch\/en\/2021\/08\/28\/besuche-2\/","title":{"rendered":"Besuche"},"content":{"rendered":"<p>Ohjeee, 2 Tage kein Tagebuch! Deswegen schreibe ich heute wenigstens etwas fr\u00fcher. Wir hatten eben die letzten Tage immer Besuch, und dann ist man am pl\u00e4uderle und vergisst die Zeit. Selina und Ursina von der Keschh\u00fctte sind uns besuchen gekommen vorgestern und gestern standen unverhofft die 2 Br\u00fcder von Anina vor der T\u00fcr. Am Morgen sind sie zu einer unglaublich fr\u00fchen Stunde von zuhause aufgebrochen, so dass sie schon hier waren zum Heli versorgen helfen! Danke \ud83d\ude42<\/p>\n\n\n\n<p>Ansonsten war es ja eher ruhig die letzten zwei Tage und wir haben es gut im Frauenpower ohne Dani geschafft \ud83d\ude09 Heute kommt er auch wieder hoch, dass wir am Abend wieder komplett sind. Leider haben sich aber noch einige abgemeldet, so dass es schlussendlich gar nicht so voll ist. <\/p>\n\n\n\n<p>Heute Nacht hatten wir noch einen medizinischen Notfall auf der H\u00fctte, gl\u00fccklicherweise ist nichts weiter passiert, der Regaarzt konnte gut beraten und nachher war alles wieder gut! Aber nachher war vorerst mal noch ein bisschen wachliegen angesagt, bis der K\u00f6rper wieder im Schlafmodus angekommen war. <\/p>\n\n\n\n<p>Heute Morgen dann schon wieder Besuch \ud83d\ude42 Thomas und Myriam verw\u00f6hnen uns wirklich vorz\u00fcglich! Wieder Pilze (soagr diesmal Eierschw\u00e4mme und Steinpilze), frischen Gartensalat und selber gepfl\u00fcckte Johannisbeeren. WOOOOW, vielen vielen lieben Dank!<\/p>","protected":false},"excerpt":{"rendered":"<p>Ohjeee, 2 Tage kein Tagebuch! Deswegen schreibe ich heute wenigstens etwas fr\u00fcher. Wir hatten eben die letzten Tage immer Besuch, und dann ist man am pl\u00e4uderle und vergisst die Zeit. Selina und Ursina von der Keschh\u00fctte sind uns besuchen gekommen<\/p>","protected":false},"author":1,"featured_media":0,"comment_status":"closed","ping_status":"closed","sticky":false,"template":"","format":"standard","meta":{"inline_featured_image":false,"footnotes":""},"categories":[1],"tags":[],"class_list":["post-4167","post","type-post","status-publish","format-standard","hentry","category-allgemein"],"_links":{"self":[{"href":"http:\/\/www.chamannajenatsch.ch\/en\/wp-json\/wp\/v2\/posts\/4167","targetHints":{"allow":["GET"]}}],"collection":[{"href":"http:\/\/www.chamannajenatsch.ch\/en\/wp-json\/wp\/v2\/posts"}],"about":[{"href":"http:\/\/www.chamannajenatsch.ch\/en\/wp-json\/wp\/v2\/types\/post"}],"author":[{"embeddable":true,"href":"http:\/\/www.chamannajenatsch.ch\/en\/wp-json\/wp\/v2\/users\/1"}],"replies":[{"embeddable":true,"href":"http:\/\/www.chamannajenatsch.ch\/en\/wp-json\/wp\/v2\/comments?post=4167"}],"version-history":[{"count":1,"href":"http:\/\/www.chamannajenatsch.ch\/en\/wp-json\/wp\/v2\/posts\/4167\/revisions"}],"predecessor-version":[{"id":4168,"href":"http:\/\/www.chamannajenatsch.ch\/en\/wp-json\/wp\/v2\/posts\/4167\/revisions\/4168"}],"wp:attachment":[{"href":"http:\/\/www.chamannajenatsch.ch\/en\/wp-json\/wp\/v2\/media?parent=4167"}],"wp:term":[{"taxonomy":"category","embeddable":true,"href":"http:\/\/www.chamannajenatsch.ch\/en\/wp-json\/wp\/v2\/categories?post=4167"},{"taxonomy":"post_tag","embeddable":true,"href":"http:\/\/www.chamannajenatsch.ch\/en\/wp-json\/wp\/v2\/tags?post=4167"}],"curies":[{"name":"wp","href":"https:\/\/api.w.org\/{rel}","templated":true}]}}