{"id":4170,"date":"2021-08-29T21:16:49","date_gmt":"2021-08-29T19:16:49","guid":{"rendered":"http:\/\/www.chamannajenatsch.ch\/?p=4170"},"modified":"2021-08-29T21:17:33","modified_gmt":"2021-08-29T19:17:33","slug":"schneemann","status":"publish","type":"post","link":"http:\/\/www.chamannajenatsch.ch\/en\/2021\/08\/29\/schneemann\/","title":{"rendered":"Schneemann"},"content":{"rendered":"<p>Heute Morgen haben wir den ersten Schneemann gebaut. Oder besser gesagt, Anina und Judith haben je einen ersten Schneemann gebaut. 1 Mini und ein Minimini Exemplar. Aber immerhin. 2-5cm hat es heute gegeben, wobei es am Morgen noch relativ sch\u00f6n war aber dann immer mehr pampig wurde. Bis heute Abend war das meiste schon wieder weg. Aber auch gut, die Skitourensaison beginnt ja noch nicht \u00fcbermorgen \ud83d\ude09<br>Jetzt wollen wir wirklich zuerst noch den goldenen Herbst! <br><br>Heute war aber ansonsten wieder ein ganz gem\u00fctlicher Sonntag. Am Abend hatten wir ganzer 8 G\u00e4ste, die allesamt erst nach 4 Uhr eingetroffen sind. So hatten wir am Morgen Zeit f\u00fcr einen ausgedehnten H\u00fcttenputz, den obligaten Maloney, eine Runde Yoga in der K\u00fcche (in den Zimmern wirds langsam zu kalt und Dani hat sich entschlossen auch mitzumachen ;-)) und nachher gabs einen feinen Zmittag mit Gartensalat und Eierschw\u00e4mmli dank Familie Wehrli. <\/p>\n\n\n\n<p>Anina hat uns heute nach dem H\u00fcttenputz verlassen. Sie kann sich nun noch zwei Tage im Tal erholen, bevor es zur\u00fcck in den Alltag geht und sie ab dem 1. September wieder arbeiten muss. Danke f\u00fcr deine Unterst\u00fctzung im August und einen guten Wiedereinstieg im Tal Anina \ud83d\ude42<\/p>\n\n\n\n<p>Noch ein kleines R\u00e4tsel: Was hat der Schneemann auf dem Kopf als Frisur?<\/p>\n\n\n\n<figure class=\"wp-block-image size-large\"><img fetchpriority=\"high\" decoding=\"async\" width=\"1024\" height=\"576\" src=\"http:\/\/www.chamannajenatsch.ch\/wp-content\/uploads\/2021\/08\/signal-2021-08-29-113435_001-1024x576.jpeg\" alt=\"\" class=\"wp-image-4171\" srcset=\"http:\/\/www.chamannajenatsch.ch\/wp-content\/uploads\/2021\/08\/signal-2021-08-29-113435_001-1024x576.jpeg 1024w, http:\/\/www.chamannajenatsch.ch\/wp-content\/uploads\/2021\/08\/signal-2021-08-29-113435_001-300x169.jpeg 300w, http:\/\/www.chamannajenatsch.ch\/wp-content\/uploads\/2021\/08\/signal-2021-08-29-113435_001-768x432.jpeg 768w, http:\/\/www.chamannajenatsch.ch\/wp-content\/uploads\/2021\/08\/signal-2021-08-29-113435_001-1536x864.jpeg 1536w, http:\/\/www.chamannajenatsch.ch\/wp-content\/uploads\/2021\/08\/signal-2021-08-29-113435_001-16x9.jpeg 16w, http:\/\/www.chamannajenatsch.ch\/wp-content\/uploads\/2021\/08\/signal-2021-08-29-113435_001.jpeg 2048w\" sizes=\"(max-width: 1024px) 100vw, 1024px\" \/><\/figure>","protected":false},"excerpt":{"rendered":"<p>Heute Morgen haben wir den ersten Schneemann gebaut. Oder besser gesagt, Anina und Judith haben je einen ersten Schneemann gebaut. 1 Mini und ein Minimini Exemplar. Aber immerhin. 2-5cm hat es heute gegeben, wobei es am Morgen noch relativ sch\u00f6n<\/p>","protected":false},"author":1,"featured_media":0,"comment_status":"closed","ping_status":"closed","sticky":false,"template":"","format":"standard","meta":{"inline_featured_image":false,"footnotes":""},"categories":[1],"tags":[],"class_list":["post-4170","post","type-post","status-publish","format-standard","hentry","category-allgemein"],"_links":{"self":[{"href":"http:\/\/www.chamannajenatsch.ch\/en\/wp-json\/wp\/v2\/posts\/4170","targetHints":{"allow":["GET"]}}],"collection":[{"href":"http:\/\/www.chamannajenatsch.ch\/en\/wp-json\/wp\/v2\/posts"}],"about":[{"href":"http:\/\/www.chamannajenatsch.ch\/en\/wp-json\/wp\/v2\/types\/post"}],"author":[{"embeddable":true,"href":"http:\/\/www.chamannajenatsch.ch\/en\/wp-json\/wp\/v2\/users\/1"}],"replies":[{"embeddable":true,"href":"http:\/\/www.chamannajenatsch.ch\/en\/wp-json\/wp\/v2\/comments?post=4170"}],"version-history":[{"count":2,"href":"http:\/\/www.chamannajenatsch.ch\/en\/wp-json\/wp\/v2\/posts\/4170\/revisions"}],"predecessor-version":[{"id":4173,"href":"http:\/\/www.chamannajenatsch.ch\/en\/wp-json\/wp\/v2\/posts\/4170\/revisions\/4173"}],"wp:attachment":[{"href":"http:\/\/www.chamannajenatsch.ch\/en\/wp-json\/wp\/v2\/media?parent=4170"}],"wp:term":[{"taxonomy":"category","embeddable":true,"href":"http:\/\/www.chamannajenatsch.ch\/en\/wp-json\/wp\/v2\/categories?post=4170"},{"taxonomy":"post_tag","embeddable":true,"href":"http:\/\/www.chamannajenatsch.ch\/en\/wp-json\/wp\/v2\/tags?post=4170"}],"curies":[{"name":"wp","href":"https:\/\/api.w.org\/{rel}","templated":true}]}}