{"id":4175,"date":"2021-08-31T22:02:46","date_gmt":"2021-08-31T20:02:46","guid":{"rendered":"http:\/\/www.chamannajenatsch.ch\/?p=4175"},"modified":"2021-08-31T22:02:48","modified_gmt":"2021-08-31T20:02:48","slug":"es-war-im-august","status":"publish","type":"post","link":"http:\/\/www.chamannajenatsch.ch\/en\/2021\/08\/31\/es-war-im-august\/","title":{"rendered":"Es war im August"},"content":{"rendered":"<p>So, nun ist er vorbei. Sch\u00f6n war der August, mit Wolken, Regen, Schnee, Hagel und doch auch Sonne. Wir haben heute die Sonnenstrahlen nochmals genossen, bei einem kurzen Kaffee auf der Terrasse. Kurz war es genug warm und kurz hatten wir auch Zeit, da schon die ersten Tagesg\u00e4ste auftauchten. Wir sind nun nach 2 Tagen zu zweit trotz wenigen G\u00e4sten froh, dass diese schon um 9 ins Bett gegangen sind und wir nun am K\u00fcchentisch sitzen k\u00f6nnen (und sogar Zeit f\u00fcrs Tagebuch finden). Jill ist gestern morgen auch in ihr verdientes Frei gegangen. Ab morgen werden wir Unterst\u00fctzung von Nici bekommen, so dass wir wieder zu dritt in der K\u00fcche stehen. Zu zweit geht alles doch noch etwas l\u00e4nger&#8230;<\/p>\n\n\n\n<p>Dem Monatswechsel angepasst haben wir uns kulinarisch heute schon, mit einem feinen Herbstmen\u00fc: K\u00fcrbissuppe, B\u00fcndner Gratin und Zwetschgencreme. Bei den k\u00fchlen Temperaturen und dem wechselhaften Wetter haben es unsere G\u00e4ste auch nicht lange auf der Terrasse ausgehalten und sind gerne in die warme Stube gekommen. Ab morgen sollte die Sonne dann aber h\u00e4ufiger zu sehen sein, sodass wir gen\u00fcgend warm Wasser haben. Dann k\u00f6nnen wir auch wieder mit dem Waschen der Lagerbez\u00fcge weiter machen.<\/p>\n\n\n\n<p>PS: Die Chillif\u00e4den auf dem Kopf des Schneemanns sind noch als einziges auf dem Pfosten \u00fcbrig. <\/p>","protected":false},"excerpt":{"rendered":"<p>So, nun ist er vorbei. Sch\u00f6n war der August, mit Wolken, Regen, Schnee, Hagel und doch auch Sonne. Wir haben heute die Sonnenstrahlen nochmals genossen, bei einem kurzen Kaffee auf der Terrasse. Kurz war es genug warm und kurz hatten<\/p>","protected":false},"author":1,"featured_media":0,"comment_status":"closed","ping_status":"closed","sticky":false,"template":"","format":"standard","meta":{"inline_featured_image":false,"footnotes":""},"categories":[1],"tags":[],"class_list":["post-4175","post","type-post","status-publish","format-standard","hentry","category-allgemein"],"_links":{"self":[{"href":"http:\/\/www.chamannajenatsch.ch\/en\/wp-json\/wp\/v2\/posts\/4175","targetHints":{"allow":["GET"]}}],"collection":[{"href":"http:\/\/www.chamannajenatsch.ch\/en\/wp-json\/wp\/v2\/posts"}],"about":[{"href":"http:\/\/www.chamannajenatsch.ch\/en\/wp-json\/wp\/v2\/types\/post"}],"author":[{"embeddable":true,"href":"http:\/\/www.chamannajenatsch.ch\/en\/wp-json\/wp\/v2\/users\/1"}],"replies":[{"embeddable":true,"href":"http:\/\/www.chamannajenatsch.ch\/en\/wp-json\/wp\/v2\/comments?post=4175"}],"version-history":[{"count":1,"href":"http:\/\/www.chamannajenatsch.ch\/en\/wp-json\/wp\/v2\/posts\/4175\/revisions"}],"predecessor-version":[{"id":4176,"href":"http:\/\/www.chamannajenatsch.ch\/en\/wp-json\/wp\/v2\/posts\/4175\/revisions\/4176"}],"wp:attachment":[{"href":"http:\/\/www.chamannajenatsch.ch\/en\/wp-json\/wp\/v2\/media?parent=4175"}],"wp:term":[{"taxonomy":"category","embeddable":true,"href":"http:\/\/www.chamannajenatsch.ch\/en\/wp-json\/wp\/v2\/categories?post=4175"},{"taxonomy":"post_tag","embeddable":true,"href":"http:\/\/www.chamannajenatsch.ch\/en\/wp-json\/wp\/v2\/tags?post=4175"}],"curies":[{"name":"wp","href":"https:\/\/api.w.org\/{rel}","templated":true}]}}