{"id":4177,"date":"2021-09-02T18:06:30","date_gmt":"2021-09-02T16:06:30","guid":{"rendered":"http:\/\/www.chamannajenatsch.ch\/?p=4177"},"modified":"2021-09-02T18:06:32","modified_gmt":"2021-09-02T16:06:32","slug":"neue-mitbewohner","status":"publish","type":"post","link":"http:\/\/www.chamannajenatsch.ch\/en\/2021\/09\/02\/neue-mitbewohner\/","title":{"rendered":"Neue Mitbewohner"},"content":{"rendered":"<p>So, ich bin nach 3 Tagen Pause im Tal auch wieder hier \ud83d\ude42<br><br>Und so sch\u00f6n, ich hatte ein kleines Empfangskomittee bei meiner Ankunft. So machts Spass zum wieder heir sein \ud83d\ude42 Dani, Judith und Nici haben mir auch sogleich unsere 2 neuen Mitbewohner vorgestellt: Ch\u00fceli-Quietschente und Skifahrer-Quietschente! Die beiden geben ein sch\u00f6nes P\u00e4\u00e4rli und zieren nun den Brunnen vor der H\u00fctte \ud83d\ude42<\/p>\n\n\n\n<p>Ausgewandert sind die 2 aus Holland, und zwar genauer aus einem Quietschentenladen aus Amsterdam! Ja, das gibts anscheinend! Dort waren Nici&#8217;s Eltern vorbeigelaufen und haben zwischen 1000 Quietschenten 2 f\u00fcr unserer Brunnen ausgesucht! So cool \ud83d\ude42 Solange der Brunnen also noch nicht zugefroren ist, k\u00f6nnt ihr sie zu uns hoch bewundern kommen \ud83d\ude09<br><br>Sonst kann ich euch nicht viel erz\u00e4h\u00f6en zu den letzten Tagen, ich war ja gar nicht hier \ud83d\ude09 Aber es ist herbstlich geworden, die Farben zeigen es ganz deutlich und M\u00e4gi ist mit den K\u00fchen nach Bever gezogen. Und: Morgen ist Jagdanfang! Wanderer also aufgepasst \ud83d\ude09 Wir dr\u00fccken allen J\u00e4gern die Daumen und w\u00fcnschen erfolgreiche Tage!<\/p>\n\n\n\n<figure class=\"wp-block-image size-large\"><img fetchpriority=\"high\" decoding=\"async\" width=\"1024\" height=\"768\" src=\"http:\/\/www.chamannajenatsch.ch\/wp-content\/uploads\/2021\/09\/WhatsApp-Image-2021-09-02-at-17.56.54-1024x768.jpeg\" alt=\"\" class=\"wp-image-4178\" srcset=\"http:\/\/www.chamannajenatsch.ch\/wp-content\/uploads\/2021\/09\/WhatsApp-Image-2021-09-02-at-17.56.54-1024x768.jpeg 1024w, http:\/\/www.chamannajenatsch.ch\/wp-content\/uploads\/2021\/09\/WhatsApp-Image-2021-09-02-at-17.56.54-300x225.jpeg 300w, http:\/\/www.chamannajenatsch.ch\/wp-content\/uploads\/2021\/09\/WhatsApp-Image-2021-09-02-at-17.56.54-768x576.jpeg 768w, http:\/\/www.chamannajenatsch.ch\/wp-content\/uploads\/2021\/09\/WhatsApp-Image-2021-09-02-at-17.56.54-1536x1152.jpeg 1536w, http:\/\/www.chamannajenatsch.ch\/wp-content\/uploads\/2021\/09\/WhatsApp-Image-2021-09-02-at-17.56.54-16x12.jpeg 16w, http:\/\/www.chamannajenatsch.ch\/wp-content\/uploads\/2021\/09\/WhatsApp-Image-2021-09-02-at-17.56.54.jpeg 2048w\" sizes=\"(max-width: 1024px) 100vw, 1024px\" \/><\/figure>","protected":false},"excerpt":{"rendered":"<p>So, ich bin nach 3 Tagen Pause im Tal auch wieder hier \ud83d\ude42 Und so sch\u00f6n, ich hatte ein kleines Empfangskomittee bei meiner Ankunft. So machts Spass zum wieder heir sein \ud83d\ude42 Dani, Judith und Nici haben mir auch sogleich<\/p>","protected":false},"author":1,"featured_media":0,"comment_status":"closed","ping_status":"closed","sticky":false,"template":"","format":"standard","meta":{"inline_featured_image":false,"footnotes":""},"categories":[1],"tags":[],"class_list":["post-4177","post","type-post","status-publish","format-standard","hentry","category-allgemein"],"_links":{"self":[{"href":"http:\/\/www.chamannajenatsch.ch\/en\/wp-json\/wp\/v2\/posts\/4177","targetHints":{"allow":["GET"]}}],"collection":[{"href":"http:\/\/www.chamannajenatsch.ch\/en\/wp-json\/wp\/v2\/posts"}],"about":[{"href":"http:\/\/www.chamannajenatsch.ch\/en\/wp-json\/wp\/v2\/types\/post"}],"author":[{"embeddable":true,"href":"http:\/\/www.chamannajenatsch.ch\/en\/wp-json\/wp\/v2\/users\/1"}],"replies":[{"embeddable":true,"href":"http:\/\/www.chamannajenatsch.ch\/en\/wp-json\/wp\/v2\/comments?post=4177"}],"version-history":[{"count":1,"href":"http:\/\/www.chamannajenatsch.ch\/en\/wp-json\/wp\/v2\/posts\/4177\/revisions"}],"predecessor-version":[{"id":4179,"href":"http:\/\/www.chamannajenatsch.ch\/en\/wp-json\/wp\/v2\/posts\/4177\/revisions\/4179"}],"wp:attachment":[{"href":"http:\/\/www.chamannajenatsch.ch\/en\/wp-json\/wp\/v2\/media?parent=4177"}],"wp:term":[{"taxonomy":"category","embeddable":true,"href":"http:\/\/www.chamannajenatsch.ch\/en\/wp-json\/wp\/v2\/categories?post=4177"},{"taxonomy":"post_tag","embeddable":true,"href":"http:\/\/www.chamannajenatsch.ch\/en\/wp-json\/wp\/v2\/tags?post=4177"}],"curies":[{"name":"wp","href":"https:\/\/api.w.org\/{rel}","templated":true}]}}