{"id":4698,"date":"2022-03-29T17:56:05","date_gmt":"2022-03-29T15:56:05","guid":{"rendered":"http:\/\/www.chamannajenatsch.ch\/?p=4698"},"modified":"2022-03-29T17:56:28","modified_gmt":"2022-03-29T15:56:28","slug":"alarm-alarm-2","status":"publish","type":"post","link":"http:\/\/www.chamannajenatsch.ch\/en\/2022\/03\/29\/alarm-alarm-2\/","title":{"rendered":"Alarm Alarm"},"content":{"rendered":"<p>Also wir waren eigentlich schon vorbereitet auf einen kleinen R\u00f6stialarm. Die zwei Bergf\u00fchrer der Splitboardgruppe hatte uns bereits gewarnt, dass ihr Plan lautet: am Morgen Piz Jenatsch, dann R\u00f6sti und dann Spaltenrettung \u00fcben vor der H\u00fctte. Aber dass dann gerade alle R\u00f6sti wollen, damit hatten wir nicht gerechnet. Um 1 hat eine andere Gruppe zwei R\u00f6sti bestellt und 5 min sp\u00e4ter kam dann die Sammelbestellung, 12 R\u00f6sti, 1 x Kn\u00f6del! Huiii, da m\u00fcssen wir zugeben, dass wir daf\u00fcr nicht ger\u00fcstet sind. Da es bei uns keine Fertigr\u00f6sti gibt, heisst das n\u00e4mlich zuerst mal mehr als 4 Kilo Kartoffeln sch\u00e4len und raffeln, und mit 4 Gasflammen ist es auch schwierig neben insgesamt 5 grossen Doppel- und Dreifachr\u00f6sti (in den grossen Pfannen anstatt der normalen kleinen R\u00f6stipf\u00e4nnli) auch noch Spiegeleier und Speck zu braten und einen Kn\u00f6del zu w\u00e4rmen. Aber die Gruppe war geduldig und wartete halt ein bisschen l\u00e4nger und musste in zwei Tranchen essen. <\/p>\n\n\n\n<p>Nun sind die Kartoffeln fast alle, morgen m\u00fcssen wir uns also etwas anders einfallen lassen f\u00fcr die Gruppe zum Zmittag \ud83d\ude09 Diese Woche gibts aber keinen Nachschub mehr. Der n\u00e4chte Heli ist erst f\u00fcr Montag geplant, da Freitag\/ Samstag wohl kein Flugwetter sein wird. Vielleicht gibt es daf\u00fcr nochmals ein bisschen Schnee, das w\u00e4re auch sehr erw\u00fcnscht \ud83d\ude42<\/p>","protected":false},"excerpt":{"rendered":"<p>Also wir waren eigentlich schon vorbereitet auf einen kleinen R\u00f6stialarm. Die zwei Bergf\u00fchrer der Splitboardgruppe hatte uns bereits gewarnt, dass ihr Plan lautet: am Morgen Piz Jenatsch, dann R\u00f6sti und dann Spaltenrettung \u00fcben vor der H\u00fctte. Aber dass dann gerade<\/p>","protected":false},"author":1,"featured_media":0,"comment_status":"closed","ping_status":"closed","sticky":false,"template":"","format":"standard","meta":{"inline_featured_image":false,"footnotes":""},"categories":[1],"tags":[],"class_list":["post-4698","post","type-post","status-publish","format-standard","hentry","category-allgemein"],"_links":{"self":[{"href":"http:\/\/www.chamannajenatsch.ch\/en\/wp-json\/wp\/v2\/posts\/4698","targetHints":{"allow":["GET"]}}],"collection":[{"href":"http:\/\/www.chamannajenatsch.ch\/en\/wp-json\/wp\/v2\/posts"}],"about":[{"href":"http:\/\/www.chamannajenatsch.ch\/en\/wp-json\/wp\/v2\/types\/post"}],"author":[{"embeddable":true,"href":"http:\/\/www.chamannajenatsch.ch\/en\/wp-json\/wp\/v2\/users\/1"}],"replies":[{"embeddable":true,"href":"http:\/\/www.chamannajenatsch.ch\/en\/wp-json\/wp\/v2\/comments?post=4698"}],"version-history":[{"count":2,"href":"http:\/\/www.chamannajenatsch.ch\/en\/wp-json\/wp\/v2\/posts\/4698\/revisions"}],"predecessor-version":[{"id":4700,"href":"http:\/\/www.chamannajenatsch.ch\/en\/wp-json\/wp\/v2\/posts\/4698\/revisions\/4700"}],"wp:attachment":[{"href":"http:\/\/www.chamannajenatsch.ch\/en\/wp-json\/wp\/v2\/media?parent=4698"}],"wp:term":[{"taxonomy":"category","embeddable":true,"href":"http:\/\/www.chamannajenatsch.ch\/en\/wp-json\/wp\/v2\/categories?post=4698"},{"taxonomy":"post_tag","embeddable":true,"href":"http:\/\/www.chamannajenatsch.ch\/en\/wp-json\/wp\/v2\/tags?post=4698"}],"curies":[{"name":"wp","href":"https:\/\/api.w.org\/{rel}","templated":true}]}}