{"id":4701,"date":"2022-03-31T14:21:47","date_gmt":"2022-03-31T12:21:47","guid":{"rendered":"http:\/\/www.chamannajenatsch.ch\/?p=4701"},"modified":"2022-03-31T14:21:49","modified_gmt":"2022-03-31T12:21:49","slug":"schnee-wo-bleibst-du","status":"publish","type":"post","link":"http:\/\/www.chamannajenatsch.ch\/en\/2022\/03\/31\/schnee-wo-bleibst-du\/","title":{"rendered":"Schnee wo bleibst du?"},"content":{"rendered":"<p>Ja, es ist zwar neblig, aber der Schnee der bis jetzt gefallen ist, ist bestenfalls m\u00e4useknietief&#8230; Tja, vielleicht morgen dann! Gut haben wir den Splitboardkurs bei uns, sonst w\u00e4re uns glatt noch langweilig \ud83d\ude09 Ansonsten l\u00e4uft diese Tage nicht viel, aber die 12 Nasen essen kr\u00e4ftig Zmittag und Kuchen, so dass wir dann doch wieder besch\u00e4ftigt sind mit Mittagsk\u00fcche und backen. Marica hat gestern auch wieder eine Runde Nusstorte gemacht, die dann schon gross kommentiert wurde und von denen die erste heute Abend wohl schon gr\u00f6sstenteils Geschichte sein wird \ud83d\ude09 <\/p>\n\n\n\n<p>Diese Woche haben wir nun auf den Heli verzichtet und den Flug auf Montag verlegt. Heute w\u00e4re es durchs Val Bever wohl schon gegangen, aber wenn das Wetter nicht passt ist es immer ein bisschen m\u00fchsam mit koordinieren, abwarten, telefonieren usw. Da nun eh die meisten f\u00fcrs Wochenende abgesagt haben, schaffen wirs auch noch bis am Montag ohne Nachschub \ud83d\ude09 <\/p>\n\n\n\n<p>Nici ist im Tal, war ein bisschen einkaufen (einige kleine Sachen f\u00fcr Ostern ;-)) und ist wohl vor allem am Lesen und erholen. Da es nun hier oben nicht mehr so stressig ist, geniesst sie die Ruhe noch ein bisschen und wir schauen ob sie am Samstag oder Sonntag wieder hochkommt und allenfalls mit jemandem mitlaufen kann. <\/p>\n\n\n\n<p>Heute Abend gibts \u00fcbrigens wieder mal Lasagnaaa niammniamm, hoffentlich lassen die G\u00e4ste uns was \u00fcbrig \ud83d\ude09<\/p>","protected":false},"excerpt":{"rendered":"<p>Ja, es ist zwar neblig, aber der Schnee der bis jetzt gefallen ist, ist bestenfalls m\u00e4useknietief&#8230; Tja, vielleicht morgen dann! Gut haben wir den Splitboardkurs bei uns, sonst w\u00e4re uns glatt noch langweilig \ud83d\ude09 Ansonsten l\u00e4uft diese Tage nicht viel,<\/p>","protected":false},"author":1,"featured_media":0,"comment_status":"closed","ping_status":"closed","sticky":false,"template":"","format":"standard","meta":{"inline_featured_image":false,"footnotes":""},"categories":[1],"tags":[],"class_list":["post-4701","post","type-post","status-publish","format-standard","hentry","category-allgemein"],"_links":{"self":[{"href":"http:\/\/www.chamannajenatsch.ch\/en\/wp-json\/wp\/v2\/posts\/4701","targetHints":{"allow":["GET"]}}],"collection":[{"href":"http:\/\/www.chamannajenatsch.ch\/en\/wp-json\/wp\/v2\/posts"}],"about":[{"href":"http:\/\/www.chamannajenatsch.ch\/en\/wp-json\/wp\/v2\/types\/post"}],"author":[{"embeddable":true,"href":"http:\/\/www.chamannajenatsch.ch\/en\/wp-json\/wp\/v2\/users\/1"}],"replies":[{"embeddable":true,"href":"http:\/\/www.chamannajenatsch.ch\/en\/wp-json\/wp\/v2\/comments?post=4701"}],"version-history":[{"count":1,"href":"http:\/\/www.chamannajenatsch.ch\/en\/wp-json\/wp\/v2\/posts\/4701\/revisions"}],"predecessor-version":[{"id":4702,"href":"http:\/\/www.chamannajenatsch.ch\/en\/wp-json\/wp\/v2\/posts\/4701\/revisions\/4702"}],"wp:attachment":[{"href":"http:\/\/www.chamannajenatsch.ch\/en\/wp-json\/wp\/v2\/media?parent=4701"}],"wp:term":[{"taxonomy":"category","embeddable":true,"href":"http:\/\/www.chamannajenatsch.ch\/en\/wp-json\/wp\/v2\/categories?post=4701"},{"taxonomy":"post_tag","embeddable":true,"href":"http:\/\/www.chamannajenatsch.ch\/en\/wp-json\/wp\/v2\/tags?post=4701"}],"curies":[{"name":"wp","href":"https:\/\/api.w.org\/{rel}","templated":true}]}}