{"id":4768,"date":"2022-04-16T13:40:00","date_gmt":"2022-04-16T11:40:00","guid":{"rendered":"http:\/\/www.chamannajenatsch.ch\/?p=4768"},"modified":"2022-04-16T13:40:03","modified_gmt":"2022-04-16T11:40:03","slug":"osterhasi","status":"publish","type":"post","link":"http:\/\/www.chamannajenatsch.ch\/en\/2022\/04\/16\/osterhasi\/","title":{"rendered":"Osterhasi"},"content":{"rendered":"<p>Olalala jetzt habe ich ja zwei Tage das Tagebuch vergessen. Am Donnerstag kamen Nici und C\u00e9lia mit Henry und so hatten wir Hilfe aber w\u00e4hrend dem Pl\u00e4udern habe ich dann das Tagebuch vergessen. Gestern war es f\u00fcr 63 G\u00e4ste auch nicht allzu stressig, aber wir hatten auch noch Hefeh\u00e4sli gebacken f\u00fcr das Fr\u00fchst\u00fcck heute und dann hatten wir noch Bergf\u00fchrerrunde und mit Tagebuch schreiben war wieder nix gewesen. <\/p>\n\n\n\n<p>Heute war wir am Morgen ein bisschen ruhig und trotz der schlechten Prognose, war es zumindest in der zweiten Nachth\u00e4lfte klar und gut gefroren am Morgen. Wir konnten draussen fr\u00fchst\u00fccken und C\u00e9lia konnte ihre &#8222;Wanderung&#8220; mit Henry machen das Tal nach hinten. Kaffee und Zmittag gab es auch noch draussen, auch wenn es nicht ganz so warm war mit einem frischen Wind. <\/p>\n\n\n\n<p>Die ersten G\u00e4ste sind bereits zur\u00fcck, aber in der K\u00fcche ist es noch ziemlich ruhig.<\/p>\n\n\n\n<figure class=\"wp-block-gallery columns-2 is-cropped wp-block-gallery-1 is-layout-flex wp-block-gallery-is-layout-flex\"><ul class=\"blocks-gallery-grid\"><li class=\"blocks-gallery-item\"><figure><img fetchpriority=\"high\" decoding=\"async\" width=\"1024\" height=\"1024\" src=\"http:\/\/www.chamannajenatsch.ch\/wp-content\/uploads\/2022\/04\/Osterdessert_2022-1024x1024.jpeg\" alt=\"\" data-id=\"4769\" data-full-url=\"http:\/\/www.chamannajenatsch.ch\/wp-content\/uploads\/2022\/04\/Osterdessert_2022.jpeg\" data-link=\"http:\/\/www.chamannajenatsch.ch\/?attachment_id=4769\" class=\"wp-image-4769\" srcset=\"http:\/\/www.chamannajenatsch.ch\/wp-content\/uploads\/2022\/04\/Osterdessert_2022-1024x1024.jpeg 1024w, http:\/\/www.chamannajenatsch.ch\/wp-content\/uploads\/2022\/04\/Osterdessert_2022-300x300.jpeg 300w, http:\/\/www.chamannajenatsch.ch\/wp-content\/uploads\/2022\/04\/Osterdessert_2022-150x150.jpeg 150w, http:\/\/www.chamannajenatsch.ch\/wp-content\/uploads\/2022\/04\/Osterdessert_2022-768x768.jpeg 768w, http:\/\/www.chamannajenatsch.ch\/wp-content\/uploads\/2022\/04\/Osterdessert_2022-12x12.jpeg 12w, http:\/\/www.chamannajenatsch.ch\/wp-content\/uploads\/2022\/04\/Osterdessert_2022-270x270.jpeg 270w, http:\/\/www.chamannajenatsch.ch\/wp-content\/uploads\/2022\/04\/Osterdessert_2022-230x230.jpeg 230w, http:\/\/www.chamannajenatsch.ch\/wp-content\/uploads\/2022\/04\/Osterdessert_2022.jpeg 1080w\" sizes=\"(max-width: 1024px) 100vw, 1024px\" \/><\/figure><\/li><li class=\"blocks-gallery-item\"><figure><img decoding=\"async\" width=\"768\" height=\"1024\" src=\"http:\/\/www.chamannajenatsch.ch\/wp-content\/uploads\/2022\/04\/Hefehasen-768x1024.jpeg\" alt=\"\" data-id=\"4770\" data-full-url=\"http:\/\/www.chamannajenatsch.ch\/wp-content\/uploads\/2022\/04\/Hefehasen.jpeg\" data-link=\"http:\/\/www.chamannajenatsch.ch\/?attachment_id=4770\" class=\"wp-image-4770\" srcset=\"http:\/\/www.chamannajenatsch.ch\/wp-content\/uploads\/2022\/04\/Hefehasen-768x1024.jpeg 768w, http:\/\/www.chamannajenatsch.ch\/wp-content\/uploads\/2022\/04\/Hefehasen-225x300.jpeg 225w, http:\/\/www.chamannajenatsch.ch\/wp-content\/uploads\/2022\/04\/Hefehasen-1152x1536.jpeg 1152w, http:\/\/www.chamannajenatsch.ch\/wp-content\/uploads\/2022\/04\/Hefehasen-9x12.jpeg 9w, http:\/\/www.chamannajenatsch.ch\/wp-content\/uploads\/2022\/04\/Hefehasen.jpeg 1200w\" sizes=\"(max-width: 768px) 100vw, 768px\" \/><\/figure><\/li><\/ul><\/figure>","protected":false},"excerpt":{"rendered":"<p>Olalala jetzt habe ich ja zwei Tage das Tagebuch vergessen. Am Donnerstag kamen Nici und C\u00e9lia mit Henry und so hatten wir Hilfe aber w\u00e4hrend dem Pl\u00e4udern habe ich dann das Tagebuch vergessen. Gestern war es f\u00fcr 63 G\u00e4ste auch<\/p>","protected":false},"author":1,"featured_media":0,"comment_status":"closed","ping_status":"closed","sticky":false,"template":"","format":"standard","meta":{"inline_featured_image":false,"footnotes":""},"categories":[1],"tags":[],"class_list":["post-4768","post","type-post","status-publish","format-standard","hentry","category-allgemein"],"_links":{"self":[{"href":"http:\/\/www.chamannajenatsch.ch\/en\/wp-json\/wp\/v2\/posts\/4768","targetHints":{"allow":["GET"]}}],"collection":[{"href":"http:\/\/www.chamannajenatsch.ch\/en\/wp-json\/wp\/v2\/posts"}],"about":[{"href":"http:\/\/www.chamannajenatsch.ch\/en\/wp-json\/wp\/v2\/types\/post"}],"author":[{"embeddable":true,"href":"http:\/\/www.chamannajenatsch.ch\/en\/wp-json\/wp\/v2\/users\/1"}],"replies":[{"embeddable":true,"href":"http:\/\/www.chamannajenatsch.ch\/en\/wp-json\/wp\/v2\/comments?post=4768"}],"version-history":[{"count":1,"href":"http:\/\/www.chamannajenatsch.ch\/en\/wp-json\/wp\/v2\/posts\/4768\/revisions"}],"predecessor-version":[{"id":4771,"href":"http:\/\/www.chamannajenatsch.ch\/en\/wp-json\/wp\/v2\/posts\/4768\/revisions\/4771"}],"wp:attachment":[{"href":"http:\/\/www.chamannajenatsch.ch\/en\/wp-json\/wp\/v2\/media?parent=4768"}],"wp:term":[{"taxonomy":"category","embeddable":true,"href":"http:\/\/www.chamannajenatsch.ch\/en\/wp-json\/wp\/v2\/categories?post=4768"},{"taxonomy":"post_tag","embeddable":true,"href":"http:\/\/www.chamannajenatsch.ch\/en\/wp-json\/wp\/v2\/tags?post=4768"}],"curies":[{"name":"wp","href":"https:\/\/api.w.org\/{rel}","templated":true}]}}