{"id":4802,"date":"2022-04-23T17:42:41","date_gmt":"2022-04-23T15:42:41","guid":{"rendered":"http:\/\/www.chamannajenatsch.ch\/?p=4802"},"modified":"2022-04-23T18:43:53","modified_gmt":"2022-04-23T16:43:53","slug":"die-letzten-gaeste","status":"publish","type":"post","link":"http:\/\/www.chamannajenatsch.ch\/en\/2022\/04\/23\/die-letzten-gaeste\/","title":{"rendered":"Die letzten G\u00e4ste&#8230;"},"content":{"rendered":"<p>Sodeli, end of season in Reichweite \ud83d\ude09 Irgendwie ging jetzt alles wieder mal sehr schnell. Hatten wir Anfang Woche noch einen Haufen G\u00e4ste, ist jetzt zack fertig. <\/p>\n\n\n\n<p>Mit der Wetterprognose und dem rasant abschmelzenden Schnee, haben f\u00fcr das Wochenende nun fast alle abgesagt. Nur eine 5er Gruppe ist noch gekommen und hat gestern und heute noch ein bisschen etwas von unseren Vorr\u00e4ten aufgegessen. Alle anderen haben storniert und f\u00fcr n\u00e4chste Woche waren sowieso nur noch sehr wenige angemeldet. Nach einem Telefonat mit der einzigen grossen Gruppe f\u00fcr n\u00e4chstes Wochenende, war klar, dass diese auch absagen m\u00f6chte, da die Schneeverh\u00e4ltnisse halt wirklich nicht mehr berauschend sind \ud83d\ude09 Also haben wir uns entschlossen, die H\u00fctte jetzt Anfang Woche zu schliessen. Es war trotz wenig Schnee eine sehr gute Wintersaison, wir haben \u00fcber 2450 \u00dcbernachtungen gehabt, und somit 500 mehr als letzten Winter \ud83d\ude42 <\/p>\n\n\n\n<p>Gestern ist noch Remo zu uns hochgekommen um f\u00fcr die Sommersaison zu schnuppern und heute konnten er und Marica zusammen Richtung Tal ziehen. Eigentlich wollten beide bis morgen blieben, aber da es \u00fcber Nacht schon etwas Neuschnee mit viel Wind geben soll und morgen fr\u00fch dann wohl die Sicht und Lawinenverh\u00e4ltnisse eher heikel sind, war es besser heute runter zu gehen. Nici hilft uns nun noch fertig zu putzen und aufzur\u00e4umen und dann werden wir uns Mitte Woche auch Richtung Fr\u00fchling aufmachen. <\/p>\n\n\n\n<p>Jetzt m\u00fcssen die Lager noch fertig gewaschen und bezogen werden und die restlichen Lebensmittel eingekocht\/eingefroren werden und dann kommen noch die Einwinterungsschritte, dass die H\u00fctte wohlbehalten bis Ende Juni ruhen kann \ud83d\ude09<\/p>","protected":false},"excerpt":{"rendered":"<p>Sodeli, end of season in Reichweite \ud83d\ude09 Irgendwie ging jetzt alles wieder mal sehr schnell. Hatten wir Anfang Woche noch einen Haufen G\u00e4ste, ist jetzt zack fertig. Mit der Wetterprognose und dem rasant abschmelzenden Schnee, haben f\u00fcr das Wochenende nun<\/p>","protected":false},"author":1,"featured_media":0,"comment_status":"closed","ping_status":"closed","sticky":false,"template":"","format":"standard","meta":{"inline_featured_image":false,"footnotes":""},"categories":[1],"tags":[],"class_list":["post-4802","post","type-post","status-publish","format-standard","hentry","category-allgemein"],"_links":{"self":[{"href":"http:\/\/www.chamannajenatsch.ch\/en\/wp-json\/wp\/v2\/posts\/4802","targetHints":{"allow":["GET"]}}],"collection":[{"href":"http:\/\/www.chamannajenatsch.ch\/en\/wp-json\/wp\/v2\/posts"}],"about":[{"href":"http:\/\/www.chamannajenatsch.ch\/en\/wp-json\/wp\/v2\/types\/post"}],"author":[{"embeddable":true,"href":"http:\/\/www.chamannajenatsch.ch\/en\/wp-json\/wp\/v2\/users\/1"}],"replies":[{"embeddable":true,"href":"http:\/\/www.chamannajenatsch.ch\/en\/wp-json\/wp\/v2\/comments?post=4802"}],"version-history":[{"count":2,"href":"http:\/\/www.chamannajenatsch.ch\/en\/wp-json\/wp\/v2\/posts\/4802\/revisions"}],"predecessor-version":[{"id":4804,"href":"http:\/\/www.chamannajenatsch.ch\/en\/wp-json\/wp\/v2\/posts\/4802\/revisions\/4804"}],"wp:attachment":[{"href":"http:\/\/www.chamannajenatsch.ch\/en\/wp-json\/wp\/v2\/media?parent=4802"}],"wp:term":[{"taxonomy":"category","embeddable":true,"href":"http:\/\/www.chamannajenatsch.ch\/en\/wp-json\/wp\/v2\/categories?post=4802"},{"taxonomy":"post_tag","embeddable":true,"href":"http:\/\/www.chamannajenatsch.ch\/en\/wp-json\/wp\/v2\/tags?post=4802"}],"curies":[{"name":"wp","href":"https:\/\/api.w.org\/{rel}","templated":true}]}}