{"id":4815,"date":"2022-04-26T15:46:51","date_gmt":"2022-04-26T13:46:51","guid":{"rendered":"http:\/\/www.chamannajenatsch.ch\/?p=4815"},"modified":"2022-04-26T15:46:54","modified_gmt":"2022-04-26T13:46:54","slug":"ciaociao","status":"publish","type":"post","link":"http:\/\/www.chamannajenatsch.ch\/en\/2022\/04\/26\/ciaociao\/","title":{"rendered":"Ciaociao"},"content":{"rendered":"<p>Ja, jetzt ist die Skitourensaison 2022 pass\u00e9e \ud83d\ude09 Wir hatten heute noch einen Flug mit Gas und Getr\u00e4nken f\u00fcr den Sommer hoch und Leergut und Abfall sowie unseren Privatsachen retour ins Tal. Die Turbine ist ausgebaut, alle W\u00e4sche gewaschen, die K\u00fcche geschrubbt und Luigi hat seine letzte Runde gemacht und ist eingewintert. Der Winterraum ist auch parat und es hat ein bisschen Wasser und Holz f\u00fcr die ersten G\u00e4ste. <\/p>\n\n\n\n<p>Es hat \u00fcber Nacht ca. 15 cm geschneit und jetzt sieht es wieder frisch weiss gestrichen aus. Allerdings ist es viel zu warm und der Neuschnee ist sehr pampig. Auf der Terrasse ist alles schon wieder weg. Dani war mit den Schneeschuhen zum Turbinenhaus und hat geflucht. Nicht nur \u00fcber die Schneeschuhe \ud83d\ude09 Der alte Schnee war nicht gefroren unter dem neuen und somit ist es zumindest rund um die H\u00fctte sehr weich. Vielleicht ist es weiter oben in den Nordh\u00e4ngen noch besser&#8230; <\/p>\n\n\n\n<p>Da das Wetter die letzten Tage nun gar nicht so schlecht war und auch die n\u00e4chsten Tage recht gut aussehen, haben wir unsere Entscheidung fast ein bisschen bereut nun schon zu schliessen. Aber man kann halt nicht alles im Voraus wissen und der Wetterbericht sah am Wochenende nicht so gut aus f\u00fcr diese Tage. Und irgendwann muss man halt etwas entscheiden. Da nun der Winterraum aber wieder ge\u00f6ffnet ist, k\u00f6nnen die motivierten ja trotzdem noch hochkommen in den n\u00e4chsten Tagen und schauen ob sie noch guten Schnee finden \ud83d\ude09 Neu kann man jetzt den Winterraum auch reservieren \u00fcber die Online Reservation!<\/p>\n\n\n\n<p>Ja, dann verabschieden wir uns nun bis im Sommer. Ende Juni sind wir dann wieder hier f\u00fcr euch \ud83d\ude42 Wir w\u00fcnschen euch einen sch\u00f6nen Fr\u00fchling und bis bald!<\/p>","protected":false},"excerpt":{"rendered":"<p>Ja, jetzt ist die Skitourensaison 2022 pass\u00e9e \ud83d\ude09 Wir hatten heute noch einen Flug mit Gas und Getr\u00e4nken f\u00fcr den Sommer hoch und Leergut und Abfall sowie unseren Privatsachen retour ins Tal. Die Turbine ist ausgebaut, alle W\u00e4sche gewaschen, die<\/p>","protected":false},"author":1,"featured_media":0,"comment_status":"closed","ping_status":"closed","sticky":false,"template":"","format":"standard","meta":{"inline_featured_image":false,"footnotes":""},"categories":[1],"tags":[],"class_list":["post-4815","post","type-post","status-publish","format-standard","hentry","category-allgemein"],"_links":{"self":[{"href":"http:\/\/www.chamannajenatsch.ch\/en\/wp-json\/wp\/v2\/posts\/4815","targetHints":{"allow":["GET"]}}],"collection":[{"href":"http:\/\/www.chamannajenatsch.ch\/en\/wp-json\/wp\/v2\/posts"}],"about":[{"href":"http:\/\/www.chamannajenatsch.ch\/en\/wp-json\/wp\/v2\/types\/post"}],"author":[{"embeddable":true,"href":"http:\/\/www.chamannajenatsch.ch\/en\/wp-json\/wp\/v2\/users\/1"}],"replies":[{"embeddable":true,"href":"http:\/\/www.chamannajenatsch.ch\/en\/wp-json\/wp\/v2\/comments?post=4815"}],"version-history":[{"count":1,"href":"http:\/\/www.chamannajenatsch.ch\/en\/wp-json\/wp\/v2\/posts\/4815\/revisions"}],"predecessor-version":[{"id":4816,"href":"http:\/\/www.chamannajenatsch.ch\/en\/wp-json\/wp\/v2\/posts\/4815\/revisions\/4816"}],"wp:attachment":[{"href":"http:\/\/www.chamannajenatsch.ch\/en\/wp-json\/wp\/v2\/media?parent=4815"}],"wp:term":[{"taxonomy":"category","embeddable":true,"href":"http:\/\/www.chamannajenatsch.ch\/en\/wp-json\/wp\/v2\/categories?post=4815"},{"taxonomy":"post_tag","embeddable":true,"href":"http:\/\/www.chamannajenatsch.ch\/en\/wp-json\/wp\/v2\/tags?post=4815"}],"curies":[{"name":"wp","href":"https:\/\/api.w.org\/{rel}","templated":true}]}}