{"id":4925,"date":"2022-06-25T16:50:17","date_gmt":"2022-06-25T14:50:17","guid":{"rendered":"http:\/\/www.chamannajenatsch.ch\/?p=4925"},"modified":"2022-06-25T16:50:18","modified_gmt":"2022-06-25T14:50:18","slug":"saisonstart","status":"publish","type":"post","link":"http:\/\/www.chamannajenatsch.ch\/en\/2022\/06\/25\/saisonstart\/","title":{"rendered":"Saisonstart"},"content":{"rendered":"<p>So sch\u00f6nes Wetter haben wir uns nat\u00fcrlich gew\u00fcnscht zum Saisonstart \ud83d\ude42 Heute Morgen haben wir bereits das erste Mal draussen auf der Terrasse  gefr\u00fchst\u00fcckt. Wir haben es ganz gem\u00fctlich genommen bevor wir dann Gas gegeben haben und die H\u00fctte auf Vordermann gebracht haben. Zu viert mit noch Unterst\u00fctzung von Andrea und Simon war das aber recht zackig erledigt und alles was nicht heute sein muss, haben wir auf n\u00e4chste Woche verschoben. Dann ist es n\u00e4mlich eher wieder ruhiger und so konnten wir es heute wirklich entspannt angehen lasssen. <\/p>\n\n\n\n<p>Die ersten Sommersaisong\u00e4ste tr\u00f6deln sch\u00f6n tr\u00f6pfchenweise ein, so dass wir nicht in Stress kommen. Mit 46 G\u00e4sten sind wir ganz zufrieden, das ist eine gute Zahl f\u00fcr den ersten Samstag. Es ist etwas los, aber noch nicht ganz voll, so dass wir langsam wieder in Schwung kommen. <br><\/p>","protected":false},"excerpt":{"rendered":"<p>So sch\u00f6nes Wetter haben wir uns nat\u00fcrlich gew\u00fcnscht zum Saisonstart \ud83d\ude42 Heute Morgen haben wir bereits das erste Mal draussen auf der Terrasse gefr\u00fchst\u00fcckt. Wir haben es ganz gem\u00fctlich genommen bevor wir dann Gas gegeben haben und die H\u00fctte auf<\/p>","protected":false},"author":1,"featured_media":0,"comment_status":"closed","ping_status":"closed","sticky":false,"template":"","format":"standard","meta":{"inline_featured_image":false,"footnotes":""},"categories":[1],"tags":[],"class_list":["post-4925","post","type-post","status-publish","format-standard","hentry","category-allgemein"],"_links":{"self":[{"href":"http:\/\/www.chamannajenatsch.ch\/en\/wp-json\/wp\/v2\/posts\/4925","targetHints":{"allow":["GET"]}}],"collection":[{"href":"http:\/\/www.chamannajenatsch.ch\/en\/wp-json\/wp\/v2\/posts"}],"about":[{"href":"http:\/\/www.chamannajenatsch.ch\/en\/wp-json\/wp\/v2\/types\/post"}],"author":[{"embeddable":true,"href":"http:\/\/www.chamannajenatsch.ch\/en\/wp-json\/wp\/v2\/users\/1"}],"replies":[{"embeddable":true,"href":"http:\/\/www.chamannajenatsch.ch\/en\/wp-json\/wp\/v2\/comments?post=4925"}],"version-history":[{"count":1,"href":"http:\/\/www.chamannajenatsch.ch\/en\/wp-json\/wp\/v2\/posts\/4925\/revisions"}],"predecessor-version":[{"id":4926,"href":"http:\/\/www.chamannajenatsch.ch\/en\/wp-json\/wp\/v2\/posts\/4925\/revisions\/4926"}],"wp:attachment":[{"href":"http:\/\/www.chamannajenatsch.ch\/en\/wp-json\/wp\/v2\/media?parent=4925"}],"wp:term":[{"taxonomy":"category","embeddable":true,"href":"http:\/\/www.chamannajenatsch.ch\/en\/wp-json\/wp\/v2\/categories?post=4925"},{"taxonomy":"post_tag","embeddable":true,"href":"http:\/\/www.chamannajenatsch.ch\/en\/wp-json\/wp\/v2\/tags?post=4925"}],"curies":[{"name":"wp","href":"https:\/\/api.w.org\/{rel}","templated":true}]}}