{"id":4933,"date":"2022-06-27T17:16:13","date_gmt":"2022-06-27T15:16:13","guid":{"rendered":"http:\/\/www.chamannajenatsch.ch\/?p=4933"},"modified":"2022-06-27T17:16:14","modified_gmt":"2022-06-27T15:16:14","slug":"windige-sache","status":"publish","type":"post","link":"http:\/\/www.chamannajenatsch.ch\/en\/2022\/06\/27\/windige-sache\/","title":{"rendered":"Windige Sache"},"content":{"rendered":"<p>Komisches Wetter ist das. Es ist sehr warm, eigentlich recht sonnig, aber es windet wie verr\u00fcckt. Es ist schon fast Sturm! In der Nacht hat es mal geklappert wie im Wintersturm. Und auch den ganzen Tag \u00fcber war es jetzt sehr windig. Da es eben auch warm war, konnten wir trotzdem draussen sitzen f\u00fcr Kaffee und Zmittag. Aber so richtig gem\u00fctlich ist es dann doch nicht. <\/p>\n\n\n\n<p>Heute haben wir wieder etwas mehr G\u00e4ste, aber es ist trotzdem eher ruhig. Somit konnten alle mal Pause machen, ein Yoga auf der Terrasse, ein kleines Ausfl\u00fcgli. Ich war beim Gletschertor&#8230; Es ist eigentlich nur traurig. Es hat \u00fcberhaupt keinen Schnee mehr, der Gletscher ist wieder geschrumpft und das Resteis liegt voll mit Ger\u00f6ll. Das Tor selber ist immer noch h\u00fcbsch, aber ansonsten ist der Anblick nicht so sch\u00f6n \ud83d\ude41<br><\/p>\n\n\n\n<p>Ansonsten, was haben wir heute noch gemacht&#8230;? Die kleinen Sukkulenten, die wir bereits letzten Sommer auf den Tischen hatten in der Stube haben tats\u00e4chlich mehrheitlich den Winter und zwei Zwischensaisons auf der Jenatsch \u00fcberlebt! Heute haben die T\u00f6pfe eine neue Sommerdeko bekommen uns jetzt stehen sie wieder auf den Tischen \ud83d\ude42 <\/p>","protected":false},"excerpt":{"rendered":"<p>Komisches Wetter ist das. Es ist sehr warm, eigentlich recht sonnig, aber es windet wie verr\u00fcckt. Es ist schon fast Sturm! In der Nacht hat es mal geklappert wie im Wintersturm. Und auch den ganzen Tag \u00fcber war es jetzt<\/p>","protected":false},"author":1,"featured_media":0,"comment_status":"closed","ping_status":"closed","sticky":false,"template":"","format":"standard","meta":{"inline_featured_image":false,"footnotes":""},"categories":[1],"tags":[],"class_list":["post-4933","post","type-post","status-publish","format-standard","hentry","category-allgemein"],"_links":{"self":[{"href":"http:\/\/www.chamannajenatsch.ch\/en\/wp-json\/wp\/v2\/posts\/4933","targetHints":{"allow":["GET"]}}],"collection":[{"href":"http:\/\/www.chamannajenatsch.ch\/en\/wp-json\/wp\/v2\/posts"}],"about":[{"href":"http:\/\/www.chamannajenatsch.ch\/en\/wp-json\/wp\/v2\/types\/post"}],"author":[{"embeddable":true,"href":"http:\/\/www.chamannajenatsch.ch\/en\/wp-json\/wp\/v2\/users\/1"}],"replies":[{"embeddable":true,"href":"http:\/\/www.chamannajenatsch.ch\/en\/wp-json\/wp\/v2\/comments?post=4933"}],"version-history":[{"count":1,"href":"http:\/\/www.chamannajenatsch.ch\/en\/wp-json\/wp\/v2\/posts\/4933\/revisions"}],"predecessor-version":[{"id":4934,"href":"http:\/\/www.chamannajenatsch.ch\/en\/wp-json\/wp\/v2\/posts\/4933\/revisions\/4934"}],"wp:attachment":[{"href":"http:\/\/www.chamannajenatsch.ch\/en\/wp-json\/wp\/v2\/media?parent=4933"}],"wp:term":[{"taxonomy":"category","embeddable":true,"href":"http:\/\/www.chamannajenatsch.ch\/en\/wp-json\/wp\/v2\/categories?post=4933"},{"taxonomy":"post_tag","embeddable":true,"href":"http:\/\/www.chamannajenatsch.ch\/en\/wp-json\/wp\/v2\/tags?post=4933"}],"curies":[{"name":"wp","href":"https:\/\/api.w.org\/{rel}","templated":true}]}}