{"id":5086,"date":"2022-08-11T16:39:32","date_gmt":"2022-08-11T14:39:32","guid":{"rendered":"http:\/\/www.chamannajenatsch.ch\/?p=5086"},"modified":"2022-08-11T16:39:35","modified_gmt":"2022-08-11T14:39:35","slug":"teamwechsel-3","status":"publish","type":"post","link":"http:\/\/www.chamannajenatsch.ch\/en\/2022\/08\/11\/teamwechsel-3\/","title":{"rendered":"Teamwechsel"},"content":{"rendered":"<p>Heute Morgen hat Nici uns nach dem H\u00fcttenwusel verlassen und ist \u00fcber die Fuorcla Suvretta nach Champfer gelaufen. Sie kann nun einige Tage im Tal erholen und Kollegen treffen und n\u00e4cshte Woche kommt sie wieder hoch \ud83d\ude42 Daf\u00fcr ist Luis heute eingetroffen und hilft uns nun die n\u00e4chsten 10 Tage. So cool \ud83d\ude42 Dani kommt heute Abend auch noch wieder hoch, so dass wir wieder zu viert sind \u00fcbers Wochenende. Jetzt bin ich dann das erste Mal mit 3 M\u00e4nnern hier oben uiui, sonst ist es immer Dani, der mit 3 Frauen zurecht kommen muss \ud83d\ude09<\/p>\n\n\n\n<p>Remo und ich waren \u00fcber Mittag immer wieder ein bisschen besch\u00e4ftigt, da relativ viele Tagesg\u00e4ste bei uns waren, auch wenn die meisten nur Kuchen, Suppe und etwas zu trinken genommen haben. <\/p>\n\n\n\n<p>Die n\u00e4chsten Tage werden dann wieder strenger, heute sind es nur 20 und wir haben profitiert mal etwas anders zu kochen, es gibt Lasagna \ud83d\ude42<\/p>","protected":false},"excerpt":{"rendered":"<p>Heute Morgen hat Nici uns nach dem H\u00fcttenwusel verlassen und ist \u00fcber die Fuorcla Suvretta nach Champfer gelaufen. Sie kann nun einige Tage im Tal erholen und Kollegen treffen und n\u00e4cshte Woche kommt sie wieder hoch \ud83d\ude42 Daf\u00fcr ist Luis<\/p>","protected":false},"author":1,"featured_media":0,"comment_status":"closed","ping_status":"closed","sticky":false,"template":"","format":"standard","meta":{"inline_featured_image":false,"footnotes":""},"categories":[1],"tags":[],"class_list":["post-5086","post","type-post","status-publish","format-standard","hentry","category-allgemein"],"_links":{"self":[{"href":"http:\/\/www.chamannajenatsch.ch\/en\/wp-json\/wp\/v2\/posts\/5086","targetHints":{"allow":["GET"]}}],"collection":[{"href":"http:\/\/www.chamannajenatsch.ch\/en\/wp-json\/wp\/v2\/posts"}],"about":[{"href":"http:\/\/www.chamannajenatsch.ch\/en\/wp-json\/wp\/v2\/types\/post"}],"author":[{"embeddable":true,"href":"http:\/\/www.chamannajenatsch.ch\/en\/wp-json\/wp\/v2\/users\/1"}],"replies":[{"embeddable":true,"href":"http:\/\/www.chamannajenatsch.ch\/en\/wp-json\/wp\/v2\/comments?post=5086"}],"version-history":[{"count":1,"href":"http:\/\/www.chamannajenatsch.ch\/en\/wp-json\/wp\/v2\/posts\/5086\/revisions"}],"predecessor-version":[{"id":5087,"href":"http:\/\/www.chamannajenatsch.ch\/en\/wp-json\/wp\/v2\/posts\/5086\/revisions\/5087"}],"wp:attachment":[{"href":"http:\/\/www.chamannajenatsch.ch\/en\/wp-json\/wp\/v2\/media?parent=5086"}],"wp:term":[{"taxonomy":"category","embeddable":true,"href":"http:\/\/www.chamannajenatsch.ch\/en\/wp-json\/wp\/v2\/categories?post=5086"},{"taxonomy":"post_tag","embeddable":true,"href":"http:\/\/www.chamannajenatsch.ch\/en\/wp-json\/wp\/v2\/tags?post=5086"}],"curies":[{"name":"wp","href":"https:\/\/api.w.org\/{rel}","templated":true}]}}