{"id":5096,"date":"2022-08-16T20:54:39","date_gmt":"2022-08-16T18:54:39","guid":{"rendered":"http:\/\/www.chamannajenatsch.ch\/?p=5096"},"modified":"2022-08-16T20:54:42","modified_gmt":"2022-08-16T18:54:42","slug":"ende-alpzeit","status":"publish","type":"post","link":"http:\/\/www.chamannajenatsch.ch\/en\/2022\/08\/16\/ende-alpzeit\/","title":{"rendered":"Ende Alpzeit"},"content":{"rendered":"<p>Heute war ein richtig gem\u00fctlicher Tag. Trotz sch\u00f6nem Wetter kamen nicht wirklich Tagesg\u00e4ste, so dass wir es ziemlich entspannt nehmen konnten. Wir machten alle ein bisschen Pause, kleine Ausfl\u00fcgli, duschen, s\u00f6nnele usw. M\u00e4gi kam noch ein letztes Mal vorbei mit ihren Helferleins und so hatten wir noch gute Hilfe beim Vernichten des restlichen H\u00f6rnligratins von gestern \ud83d\ude09 Morgen gehen die Rindli dann schon Richtung Alp Val \ud83d\ude41 Buhuhu, wir lieben doch das Gebimbel vor der H\u00fctte und Ende Alpzeit heisst auch immer ein bisschen Ende Hochsommer und bereits Anfang Herbst. <\/p>\n\n\n\n<p>Am Abend gabs Pizza, niammniamm \ud83d\ude42 Und zum Dessert homemade Schoggipudding, nochmals niammyniammy \ud83d\ude42 <\/p>\n\n\n\n<p>Remo ist heute Morgen mit seinen Kollegen die zu Besuch waren noch \u00fcber einen Gipfel ins Tal gelaufen. Er hat nun eine Woche frei und kommt n\u00e4chstes Wochenende wieder zur\u00fcck. Morgen gehen dann meine Eltern und Henry auch wieder ins Tal und Luis, Dani und ich bleiben drei Tage zu Dritt bevor Nici dann wieder kommt. Heute war das Wetter nochmals bombastisch. Wir sind mal gespannt, was das Wetter so macht, ob der viele Regen wirklich kommt, oder vielleicht auch der erste Schnee&#8230;.?<\/p>","protected":false},"excerpt":{"rendered":"<p>Heute war ein richtig gem\u00fctlicher Tag. Trotz sch\u00f6nem Wetter kamen nicht wirklich Tagesg\u00e4ste, so dass wir es ziemlich entspannt nehmen konnten. Wir machten alle ein bisschen Pause, kleine Ausfl\u00fcgli, duschen, s\u00f6nnele usw. M\u00e4gi kam noch ein letztes Mal vorbei mit<\/p>","protected":false},"author":1,"featured_media":0,"comment_status":"closed","ping_status":"closed","sticky":false,"template":"","format":"standard","meta":{"inline_featured_image":false,"footnotes":""},"categories":[1],"tags":[],"class_list":["post-5096","post","type-post","status-publish","format-standard","hentry","category-allgemein"],"_links":{"self":[{"href":"http:\/\/www.chamannajenatsch.ch\/en\/wp-json\/wp\/v2\/posts\/5096","targetHints":{"allow":["GET"]}}],"collection":[{"href":"http:\/\/www.chamannajenatsch.ch\/en\/wp-json\/wp\/v2\/posts"}],"about":[{"href":"http:\/\/www.chamannajenatsch.ch\/en\/wp-json\/wp\/v2\/types\/post"}],"author":[{"embeddable":true,"href":"http:\/\/www.chamannajenatsch.ch\/en\/wp-json\/wp\/v2\/users\/1"}],"replies":[{"embeddable":true,"href":"http:\/\/www.chamannajenatsch.ch\/en\/wp-json\/wp\/v2\/comments?post=5096"}],"version-history":[{"count":1,"href":"http:\/\/www.chamannajenatsch.ch\/en\/wp-json\/wp\/v2\/posts\/5096\/revisions"}],"predecessor-version":[{"id":5097,"href":"http:\/\/www.chamannajenatsch.ch\/en\/wp-json\/wp\/v2\/posts\/5096\/revisions\/5097"}],"wp:attachment":[{"href":"http:\/\/www.chamannajenatsch.ch\/en\/wp-json\/wp\/v2\/media?parent=5096"}],"wp:term":[{"taxonomy":"category","embeddable":true,"href":"http:\/\/www.chamannajenatsch.ch\/en\/wp-json\/wp\/v2\/categories?post=5096"},{"taxonomy":"post_tag","embeddable":true,"href":"http:\/\/www.chamannajenatsch.ch\/en\/wp-json\/wp\/v2\/tags?post=5096"}],"curies":[{"name":"wp","href":"https:\/\/api.w.org\/{rel}","templated":true}]}}