{"id":5116,"date":"2022-08-22T18:06:01","date_gmt":"2022-08-22T16:06:01","guid":{"rendered":"http:\/\/www.chamannajenatsch.ch\/?p=5116"},"modified":"2022-08-22T18:06:04","modified_gmt":"2022-08-22T16:06:04","slug":"besuch-3","status":"publish","type":"post","link":"http:\/\/www.chamannajenatsch.ch\/en\/2022\/08\/22\/besuch-3\/","title":{"rendered":"Besuch"},"content":{"rendered":"<p>Jaja, gestern ging das Tagebuch vergessen und jaja, wir hatten Besuch und zuviel &#8222;geratscht&#8220; und Prosecco getrunken und dann kein Tagebuch geschrieben. Die Eltern von Nici und Luis sind zu Besuch, wir haben somit die ganze Familie Scherer hier \ud83d\ude42 <\/p>\n\n\n\n<p>Heute Morgen hatten Dani und ich frei und waren zusammen auf dem Piz Suvretta \ud83d\ude42 Dani ist dann nachher ins Tal und ich wieder zur\u00fcck zur H\u00fctte. Dani hat nun ein paar verdiente Tage frei und wir sind heute zu F\u00fcnft in der K\u00fcche und ab morgen dann Nici und ich zu Zweit. Es ist aber trotz sch\u00f6nem Wetter deutlich ruhiger und so sollten wir es auch zu Zweit gut meistern. Und n\u00e4chste Woche darf ich dann daf\u00fcr vielleicht ein paar Tage in die Pause \ud83d\ude09<\/p>\n\n\n\n<p>So, jetzt quatschen wir noch ein bisschen weiter. Also bis Morgen \ud83d\ude42<\/p>","protected":false},"excerpt":{"rendered":"<p>Jaja, gestern ging das Tagebuch vergessen und jaja, wir hatten Besuch und zuviel &#8222;geratscht&#8220; und Prosecco getrunken und dann kein Tagebuch geschrieben. Die Eltern von Nici und Luis sind zu Besuch, wir haben somit die ganze Familie Scherer hier \ud83d\ude42<\/p>","protected":false},"author":1,"featured_media":0,"comment_status":"closed","ping_status":"closed","sticky":false,"template":"","format":"standard","meta":{"inline_featured_image":false,"footnotes":""},"categories":[1],"tags":[],"class_list":["post-5116","post","type-post","status-publish","format-standard","hentry","category-allgemein"],"_links":{"self":[{"href":"http:\/\/www.chamannajenatsch.ch\/en\/wp-json\/wp\/v2\/posts\/5116","targetHints":{"allow":["GET"]}}],"collection":[{"href":"http:\/\/www.chamannajenatsch.ch\/en\/wp-json\/wp\/v2\/posts"}],"about":[{"href":"http:\/\/www.chamannajenatsch.ch\/en\/wp-json\/wp\/v2\/types\/post"}],"author":[{"embeddable":true,"href":"http:\/\/www.chamannajenatsch.ch\/en\/wp-json\/wp\/v2\/users\/1"}],"replies":[{"embeddable":true,"href":"http:\/\/www.chamannajenatsch.ch\/en\/wp-json\/wp\/v2\/comments?post=5116"}],"version-history":[{"count":1,"href":"http:\/\/www.chamannajenatsch.ch\/en\/wp-json\/wp\/v2\/posts\/5116\/revisions"}],"predecessor-version":[{"id":5117,"href":"http:\/\/www.chamannajenatsch.ch\/en\/wp-json\/wp\/v2\/posts\/5116\/revisions\/5117"}],"wp:attachment":[{"href":"http:\/\/www.chamannajenatsch.ch\/en\/wp-json\/wp\/v2\/media?parent=5116"}],"wp:term":[{"taxonomy":"category","embeddable":true,"href":"http:\/\/www.chamannajenatsch.ch\/en\/wp-json\/wp\/v2\/categories?post=5116"},{"taxonomy":"post_tag","embeddable":true,"href":"http:\/\/www.chamannajenatsch.ch\/en\/wp-json\/wp\/v2\/tags?post=5116"}],"curies":[{"name":"wp","href":"https:\/\/api.w.org\/{rel}","templated":true}]}}