{"id":5744,"date":"2023-02-18T15:00:02","date_gmt":"2023-02-18T14:00:02","guid":{"rendered":"http:\/\/www.chamannajenatsch.ch\/?p=5744"},"modified":"2023-02-18T15:00:06","modified_gmt":"2023-02-18T14:00:06","slug":"saisonstart-2","status":"publish","type":"post","link":"http:\/\/www.chamannajenatsch.ch\/en\/2023\/02\/18\/saisonstart-2\/","title":{"rendered":"Saisonstart"},"content":{"rendered":"<p>Sodeli, fleissige Tagebuchleser, nun d\u00fcrft ihr euch wieder \u00fcber Zn\u00fcnipause- oder Gutenachtgeschichten freuen \ud83d\ude09 <\/p>\n\n\n\n<p>Dani und ich sind bereits seit Dienstag hier, da wir doch etwas nerv\u00f6s waren, ob die Wasserleitungen nach der b\u00f6sen \u00dcberraschung von Silvester wirklich laufen w\u00fcrden. Ja, sie sind gelaufen \ud83d\ude42 Daf\u00fcr hat die Pumpe nicht funktionniert. Irgendwie war die Pumpe selber eingefroren, warum auch immer. Dani hat dann aber noch am Dienstag Abend im Dunkeln alles auseinander und wieder zusammengebaut und so konnten wir dann doch noch pumpen am Dienstag Abend. <br>Am Mittwoch haben wir dann selber noch eine Runde gemacht mit den Ski und waren auf dem Piz Surgonda. So konnten wir uns selber von dem Gletscherschwund von letztem Sommer ein Bild machen (traurig) und von den Verh\u00e4ltnissen vor Ort (doch \u00fcberraschend gut). Donnerstag kam der Heli mit dem Material und gestern Freitag Aurel und Remo (nicht per Heli sondern per Ski). Nachdem wir tags\u00fcber ganz sch\u00f6n vorw\u00e4rts gekommen waren konnten wir dann am Abend gem\u00fctlich ein Fondue zusammen essen und zusammen als Team in der Saison ankommen. Die ersten zwei Runden Teamkaffee auf der Terrasse hatten wir heute ebenfalls \ud83d\ude42<\/p>\n\n\n\n<p>Heute haben wir am Morgen die H\u00fctte parat gemacht, Kuchen gebacken etc. Immerhin 40 G\u00e4ste d\u00fcrfen wir heute Abend bewirten. Nicht ganz so viele wie wir es uns gew\u00fcnscht h\u00e4tten f\u00fcr den Saisonstart, aber angesichts der d\u00fcnnen Schneelage doch eine ganz gute Zahl. <br><br>Jetzt freuen wir uns auf einen guten Saisonstart mit netten G\u00e4sten und einen ersten Abend mit Action \ud83d\ude42<\/p>","protected":false},"excerpt":{"rendered":"<p>Sodeli, fleissige Tagebuchleser, nun d\u00fcrft ihr euch wieder \u00fcber Zn\u00fcnipause- oder Gutenachtgeschichten freuen \ud83d\ude09 Dani und ich sind bereits seit Dienstag hier, da wir doch etwas nerv\u00f6s waren, ob die Wasserleitungen nach der b\u00f6sen \u00dcberraschung von Silvester wirklich laufen w\u00fcrden.<\/p>","protected":false},"author":1,"featured_media":0,"comment_status":"closed","ping_status":"closed","sticky":false,"template":"","format":"standard","meta":{"inline_featured_image":false,"footnotes":""},"categories":[1],"tags":[],"class_list":["post-5744","post","type-post","status-publish","format-standard","hentry","category-allgemein"],"_links":{"self":[{"href":"http:\/\/www.chamannajenatsch.ch\/en\/wp-json\/wp\/v2\/posts\/5744","targetHints":{"allow":["GET"]}}],"collection":[{"href":"http:\/\/www.chamannajenatsch.ch\/en\/wp-json\/wp\/v2\/posts"}],"about":[{"href":"http:\/\/www.chamannajenatsch.ch\/en\/wp-json\/wp\/v2\/types\/post"}],"author":[{"embeddable":true,"href":"http:\/\/www.chamannajenatsch.ch\/en\/wp-json\/wp\/v2\/users\/1"}],"replies":[{"embeddable":true,"href":"http:\/\/www.chamannajenatsch.ch\/en\/wp-json\/wp\/v2\/comments?post=5744"}],"version-history":[{"count":1,"href":"http:\/\/www.chamannajenatsch.ch\/en\/wp-json\/wp\/v2\/posts\/5744\/revisions"}],"predecessor-version":[{"id":5745,"href":"http:\/\/www.chamannajenatsch.ch\/en\/wp-json\/wp\/v2\/posts\/5744\/revisions\/5745"}],"wp:attachment":[{"href":"http:\/\/www.chamannajenatsch.ch\/en\/wp-json\/wp\/v2\/media?parent=5744"}],"wp:term":[{"taxonomy":"category","embeddable":true,"href":"http:\/\/www.chamannajenatsch.ch\/en\/wp-json\/wp\/v2\/categories?post=5744"},{"taxonomy":"post_tag","embeddable":true,"href":"http:\/\/www.chamannajenatsch.ch\/en\/wp-json\/wp\/v2\/tags?post=5744"}],"curies":[{"name":"wp","href":"https:\/\/api.w.org\/{rel}","templated":true}]}}