{"id":5841,"date":"2023-03-05T16:08:23","date_gmt":"2023-03-05T15:08:23","guid":{"rendered":"http:\/\/www.chamannajenatsch.ch\/?p=5841"},"modified":"2023-03-05T16:08:26","modified_gmt":"2023-03-05T15:08:26","slug":"sonniges-weekend","status":"publish","type":"post","link":"http:\/\/www.chamannajenatsch.ch\/en\/2023\/03\/05\/sonniges-weekend\/","title":{"rendered":"Sonniges Weekend"},"content":{"rendered":"<p>Mehr Sonne geht gar nicht! Gestern und heute strahlt sie vom Himmel \ud83d\ude42 Unsere G\u00e4ste waren auch alle super happy. Am richtigen Ort findet man eben sogar noch Pulver, auch wenn es vielleicht niemand glaubt \ud83d\ude09 Auch Remo hat heute noch einen Speedausflug zum Piz Surgonda gemacht und ein sch\u00f6nes Couloir gefunden, das sich sogar gelohnt hat ein zweites Mal befahren zu werden. <\/p>\n\n\n\n<p>Gestern war ich leider am Morgen &#8222;out of order&#8220; nachdem mein R\u00fccken in der Nacht sich entschieden hatte sich so fest zu verkrampfen, dass ich am Morgen nicht mehr aus dem Bett kam. So wurde ich bis Mitte morgen im Bett umsorgt, w\u00e4hrend der Rest der Crew f\u00fcr das Wohl der G\u00e4ste, H\u00fcttenputz und kochen zust\u00e4ndig war. Am Nachmittag hat sich dann bei einer Gruppe ein Arzt gefunden, der sich mein R\u00fccken kurz angeschaut hat und Entwarnung gegeben hat. Danke Max \ud83d\ude42 Nichts neues, das gleiche wie immer und ich hatte wohl den Zeitpunkt zum Aufstehen verpasst und im Bett liegen hat es dann nicht mehr besser gemacht. Als ich dann bis aufgestanden bin, ging es dann relativ schnell besser mit ein bisschen Mobilisierung. <\/p>\n\n\n\n<p>Heute bin ich schon wieder fast &#8222;rund&#8220; auf den Beinen, auch wenn ich noch gem\u00fctlich mache und das meiste am Rest h\u00e4ngen bleibt. <\/p>","protected":false},"excerpt":{"rendered":"<p>Mehr Sonne geht gar nicht! Gestern und heute strahlt sie vom Himmel \ud83d\ude42 Unsere G\u00e4ste waren auch alle super happy. Am richtigen Ort findet man eben sogar noch Pulver, auch wenn es vielleicht niemand glaubt \ud83d\ude09 Auch Remo hat heute<\/p>","protected":false},"author":1,"featured_media":0,"comment_status":"closed","ping_status":"closed","sticky":false,"template":"","format":"standard","meta":{"inline_featured_image":false,"footnotes":""},"categories":[1],"tags":[],"class_list":["post-5841","post","type-post","status-publish","format-standard","hentry","category-allgemein"],"_links":{"self":[{"href":"http:\/\/www.chamannajenatsch.ch\/en\/wp-json\/wp\/v2\/posts\/5841","targetHints":{"allow":["GET"]}}],"collection":[{"href":"http:\/\/www.chamannajenatsch.ch\/en\/wp-json\/wp\/v2\/posts"}],"about":[{"href":"http:\/\/www.chamannajenatsch.ch\/en\/wp-json\/wp\/v2\/types\/post"}],"author":[{"embeddable":true,"href":"http:\/\/www.chamannajenatsch.ch\/en\/wp-json\/wp\/v2\/users\/1"}],"replies":[{"embeddable":true,"href":"http:\/\/www.chamannajenatsch.ch\/en\/wp-json\/wp\/v2\/comments?post=5841"}],"version-history":[{"count":1,"href":"http:\/\/www.chamannajenatsch.ch\/en\/wp-json\/wp\/v2\/posts\/5841\/revisions"}],"predecessor-version":[{"id":5842,"href":"http:\/\/www.chamannajenatsch.ch\/en\/wp-json\/wp\/v2\/posts\/5841\/revisions\/5842"}],"wp:attachment":[{"href":"http:\/\/www.chamannajenatsch.ch\/en\/wp-json\/wp\/v2\/media?parent=5841"}],"wp:term":[{"taxonomy":"category","embeddable":true,"href":"http:\/\/www.chamannajenatsch.ch\/en\/wp-json\/wp\/v2\/categories?post=5841"},{"taxonomy":"post_tag","embeddable":true,"href":"http:\/\/www.chamannajenatsch.ch\/en\/wp-json\/wp\/v2\/tags?post=5841"}],"curies":[{"name":"wp","href":"https:\/\/api.w.org\/{rel}","templated":true}]}}