{"id":5859,"date":"2023-03-07T16:40:06","date_gmt":"2023-03-07T15:40:06","guid":{"rendered":"http:\/\/www.chamannajenatsch.ch\/?p=5859"},"modified":"2023-03-07T16:40:09","modified_gmt":"2023-03-07T15:40:09","slug":"ruhige-tage-2","status":"publish","type":"post","link":"http:\/\/www.chamannajenatsch.ch\/en\/2023\/03\/07\/ruhige-tage-2\/","title":{"rendered":"Ruhige Tage"},"content":{"rendered":"<p>Heute durfte Nici einen kleinen Ausflug machen und anstatt Couloir hat sie sich f\u00fcr den &#8222;Haufen&#8220; entschieden \ud83d\ude09 Ich habe ein bisschen Buchhaltung gemacht, Dani hat das Ersatzteil f\u00fcr das Fenster nun doch noch passend gemacht, Aurel hat die Sauna eingehizt f\u00fcr unsere G\u00e4ste und Nici und Aurel haben Nusstorte gebacken. Das war so unser Tagesprogramm f\u00fcr heute. <\/p>\n\n\n\n<p>Meinem R\u00fccken gehts den Umst\u00e4nden entsprechend ganz gut, auch wenn ich es schon noch merke und auf r\u00fcckenbeanspruchende Arbeiten verzichte (was hier oben doch recht vieles ist&#8230;). <\/p>\n\n\n\n<p>Zwischenzeitlich checken wir in regelm\u00e4ssigen Abst\u00e4nden die Wettermodelle und hoffen auf etwas Schnee in den n\u00e4chsten Tagen \ud83d\ude09<\/p>","protected":false},"excerpt":{"rendered":"<p>Heute durfte Nici einen kleinen Ausflug machen und anstatt Couloir hat sie sich f\u00fcr den &#8222;Haufen&#8220; entschieden \ud83d\ude09 Ich habe ein bisschen Buchhaltung gemacht, Dani hat das Ersatzteil f\u00fcr das Fenster nun doch noch passend gemacht, Aurel hat die Sauna<\/p>","protected":false},"author":1,"featured_media":0,"comment_status":"closed","ping_status":"closed","sticky":false,"template":"","format":"standard","meta":{"inline_featured_image":false,"footnotes":""},"categories":[1],"tags":[],"class_list":["post-5859","post","type-post","status-publish","format-standard","hentry","category-allgemein"],"_links":{"self":[{"href":"http:\/\/www.chamannajenatsch.ch\/en\/wp-json\/wp\/v2\/posts\/5859","targetHints":{"allow":["GET"]}}],"collection":[{"href":"http:\/\/www.chamannajenatsch.ch\/en\/wp-json\/wp\/v2\/posts"}],"about":[{"href":"http:\/\/www.chamannajenatsch.ch\/en\/wp-json\/wp\/v2\/types\/post"}],"author":[{"embeddable":true,"href":"http:\/\/www.chamannajenatsch.ch\/en\/wp-json\/wp\/v2\/users\/1"}],"replies":[{"embeddable":true,"href":"http:\/\/www.chamannajenatsch.ch\/en\/wp-json\/wp\/v2\/comments?post=5859"}],"version-history":[{"count":1,"href":"http:\/\/www.chamannajenatsch.ch\/en\/wp-json\/wp\/v2\/posts\/5859\/revisions"}],"predecessor-version":[{"id":5860,"href":"http:\/\/www.chamannajenatsch.ch\/en\/wp-json\/wp\/v2\/posts\/5859\/revisions\/5860"}],"wp:attachment":[{"href":"http:\/\/www.chamannajenatsch.ch\/en\/wp-json\/wp\/v2\/media?parent=5859"}],"wp:term":[{"taxonomy":"category","embeddable":true,"href":"http:\/\/www.chamannajenatsch.ch\/en\/wp-json\/wp\/v2\/categories?post=5859"},{"taxonomy":"post_tag","embeddable":true,"href":"http:\/\/www.chamannajenatsch.ch\/en\/wp-json\/wp\/v2\/tags?post=5859"}],"curies":[{"name":"wp","href":"https:\/\/api.w.org\/{rel}","templated":true}]}}