{"id":5864,"date":"2023-03-10T16:52:46","date_gmt":"2023-03-10T15:52:46","guid":{"rendered":"http:\/\/www.chamannajenatsch.ch\/?p=5864"},"modified":"2023-03-10T16:52:49","modified_gmt":"2023-03-10T15:52:49","slug":"schnee","status":"publish","type":"post","link":"http:\/\/www.chamannajenatsch.ch\/en\/2023\/03\/10\/schnee\/","title":{"rendered":"Schnee"},"content":{"rendered":"<p>Ohh, e biirebiizeli Schnee haben wir bekommen \ud83d\ude42 Heute Morgen hat es sogar mal f\u00fcr eine Stunde richtig sch\u00f6n geschneit. Da es auch gewindet hat, liegt rund um die H\u00fctte nicht viel, resp. messen ist schwierig, aber in Summe sind es wohl doch 10 cm geworden den Tag durch. <\/p>\n\n\n\n<p>Die G\u00e4ste waren auf jedenfall den ganzen Tag draussen. Wir hatten damit gerechnet, dass die meisten fr\u00fch zur\u00fcck sind und es eine Runde Tagesk\u00fcche gibt, aber es kam zwischendurch doch immer wieder die Sonne raus und es war dann auch nicht mehr gaanz so windig wie am Morgen. Auf jedenfall waren die G\u00e4ste erst gegen 16 Uhr wieder hier, so dass es keine Suppen und R\u00f6sti sondern eine Runde Kuchen gab bei den meisten. Auch gut \ud83d\ude09<\/p>\n\n\n\n<p>Morgen kommt dann Luis noch ins Team und Aurel hat daf\u00fcr ab Sonntag frei. Und w\u00e4hrend die einen absagen wegen dem schlechten Wetter, melden andere wiederum an, da es bei uns noch besser ist als anderswo. Es ist also ein bisschen ein herauf und herab, aber morgen sind immerhin etwas \u00fcber 50 angemeldet udn auch n\u00e4chste Woche hat es immer ein paar G\u00e4ste. <br><br>Aurel hat sich heute Nachmittag dann noch mit den Waffeln besch\u00e4ftigt. Nachdem die erste Ladung sehr schwarz, die zweite Ladung gut knusprig (f\u00fcrs Team) geworden ist, sind die n\u00e4chsten super gegel\u00fcckt und die gibts nun zum Dessert heute mit Glace. <\/p>","protected":false},"excerpt":{"rendered":"<p>Ohh, e biirebiizeli Schnee haben wir bekommen \ud83d\ude42 Heute Morgen hat es sogar mal f\u00fcr eine Stunde richtig sch\u00f6n geschneit. Da es auch gewindet hat, liegt rund um die H\u00fctte nicht viel, resp. messen ist schwierig, aber in Summe sind<\/p>","protected":false},"author":1,"featured_media":0,"comment_status":"closed","ping_status":"closed","sticky":false,"template":"","format":"standard","meta":{"inline_featured_image":false,"footnotes":""},"categories":[1],"tags":[],"class_list":["post-5864","post","type-post","status-publish","format-standard","hentry","category-allgemein"],"_links":{"self":[{"href":"http:\/\/www.chamannajenatsch.ch\/en\/wp-json\/wp\/v2\/posts\/5864","targetHints":{"allow":["GET"]}}],"collection":[{"href":"http:\/\/www.chamannajenatsch.ch\/en\/wp-json\/wp\/v2\/posts"}],"about":[{"href":"http:\/\/www.chamannajenatsch.ch\/en\/wp-json\/wp\/v2\/types\/post"}],"author":[{"embeddable":true,"href":"http:\/\/www.chamannajenatsch.ch\/en\/wp-json\/wp\/v2\/users\/1"}],"replies":[{"embeddable":true,"href":"http:\/\/www.chamannajenatsch.ch\/en\/wp-json\/wp\/v2\/comments?post=5864"}],"version-history":[{"count":1,"href":"http:\/\/www.chamannajenatsch.ch\/en\/wp-json\/wp\/v2\/posts\/5864\/revisions"}],"predecessor-version":[{"id":5865,"href":"http:\/\/www.chamannajenatsch.ch\/en\/wp-json\/wp\/v2\/posts\/5864\/revisions\/5865"}],"wp:attachment":[{"href":"http:\/\/www.chamannajenatsch.ch\/en\/wp-json\/wp\/v2\/media?parent=5864"}],"wp:term":[{"taxonomy":"category","embeddable":true,"href":"http:\/\/www.chamannajenatsch.ch\/en\/wp-json\/wp\/v2\/categories?post=5864"},{"taxonomy":"post_tag","embeddable":true,"href":"http:\/\/www.chamannajenatsch.ch\/en\/wp-json\/wp\/v2\/tags?post=5864"}],"curies":[{"name":"wp","href":"https:\/\/api.w.org\/{rel}","templated":true}]}}