{"id":5884,"date":"2023-03-12T15:21:18","date_gmt":"2023-03-12T14:21:18","guid":{"rendered":"http:\/\/www.chamannajenatsch.ch\/?p=5884"},"modified":"2023-03-12T15:21:20","modified_gmt":"2023-03-12T14:21:20","slug":"chuchifiesta","status":"publish","type":"post","link":"http:\/\/www.chamannajenatsch.ch\/en\/2023\/03\/12\/chuchifiesta\/","title":{"rendered":"Chuchifiesta"},"content":{"rendered":"<p>In der Stube gab es gar keine so grosse Fiesta gestern wie erwartet. Die Gruppe Italiener war gut organisiert und das Gr\u00fcppli hat sich ganz gem\u00fctlich in der Winterk\u00fcche eingerichtet. Und auch sonst waren alle G\u00e4ste ganz entspannt unterwegs. <\/p>\n\n\n\n<p>In der K\u00fcche hatten wir dagegen kurz eine kleine &#8222;Fiesta&#8220;, waren wir doch schon 5 im Team plus Angi, die Luis hochbegleitet hat und zum Bergf\u00fchrerapero hatten wir dann noch 5 Bergf\u00fchrer, ein Aspirant und eine Bergf\u00fchrerehefrau -> 13 Nasen rund um den K\u00fcchentisch \ud83d\ude09 <br>Einer der Bergf\u00fchrer war Roger Sch\u00e4li! Ganz cool jemanden kennenzulernen am eigenen K\u00fcchentisch, der so viel unterwegs ist auf diversen Expeditionen und krassen Klettertouren und mit dem man doch einfach ganz gem\u00fctlich ein Glas Weisswein trinken und ein bisschen pl\u00e4uderle kann. Danke f\u00fcr den Besuch \ud83d\ude42<\/p>\n\n\n\n<p>Heute Morgen sind Aurel und Angi zusammen Richtung Tal abgestiegen. Aurel hat nun 1.5 Wochen frei, da nun Luis hier ist f\u00fcr die Woche. Am Mittag ist die Sonne rausgekommen und es sieht endlich mal wieder so richtig nach Winter aus \ud83d\ude42 Mal schauen was uns die Woche noch bringt, hoffentlich noch eine Ladung Schnee am Dienstag und vielleicht anschliessend 2-3 Sonnen-Powdertage? <\/p>","protected":false},"excerpt":{"rendered":"<p>In der Stube gab es gar keine so grosse Fiesta gestern wie erwartet. Die Gruppe Italiener war gut organisiert und das Gr\u00fcppli hat sich ganz gem\u00fctlich in der Winterk\u00fcche eingerichtet. Und auch sonst waren alle G\u00e4ste ganz entspannt unterwegs. In<\/p>","protected":false},"author":1,"featured_media":0,"comment_status":"closed","ping_status":"closed","sticky":false,"template":"","format":"standard","meta":{"inline_featured_image":false,"footnotes":""},"categories":[1],"tags":[],"class_list":["post-5884","post","type-post","status-publish","format-standard","hentry","category-allgemein"],"_links":{"self":[{"href":"http:\/\/www.chamannajenatsch.ch\/en\/wp-json\/wp\/v2\/posts\/5884","targetHints":{"allow":["GET"]}}],"collection":[{"href":"http:\/\/www.chamannajenatsch.ch\/en\/wp-json\/wp\/v2\/posts"}],"about":[{"href":"http:\/\/www.chamannajenatsch.ch\/en\/wp-json\/wp\/v2\/types\/post"}],"author":[{"embeddable":true,"href":"http:\/\/www.chamannajenatsch.ch\/en\/wp-json\/wp\/v2\/users\/1"}],"replies":[{"embeddable":true,"href":"http:\/\/www.chamannajenatsch.ch\/en\/wp-json\/wp\/v2\/comments?post=5884"}],"version-history":[{"count":1,"href":"http:\/\/www.chamannajenatsch.ch\/en\/wp-json\/wp\/v2\/posts\/5884\/revisions"}],"predecessor-version":[{"id":5885,"href":"http:\/\/www.chamannajenatsch.ch\/en\/wp-json\/wp\/v2\/posts\/5884\/revisions\/5885"}],"wp:attachment":[{"href":"http:\/\/www.chamannajenatsch.ch\/en\/wp-json\/wp\/v2\/media?parent=5884"}],"wp:term":[{"taxonomy":"category","embeddable":true,"href":"http:\/\/www.chamannajenatsch.ch\/en\/wp-json\/wp\/v2\/categories?post=5884"},{"taxonomy":"post_tag","embeddable":true,"href":"http:\/\/www.chamannajenatsch.ch\/en\/wp-json\/wp\/v2\/tags?post=5884"}],"curies":[{"name":"wp","href":"https:\/\/api.w.org\/{rel}","templated":true}]}}