{"id":5890,"date":"2023-03-14T14:04:29","date_gmt":"2023-03-14T13:04:29","guid":{"rendered":"http:\/\/www.chamannajenatsch.ch\/?p=5890"},"modified":"2023-03-14T14:04:32","modified_gmt":"2023-03-14T13:04:32","slug":"hallo-winter","status":"publish","type":"post","link":"http:\/\/www.chamannajenatsch.ch\/en\/2023\/03\/14\/hallo-winter\/","title":{"rendered":"Hallo Winter"},"content":{"rendered":"<p>Yeaaah, das erste Mal diesen Winter hat es richtig geschneit und es sieht richtig nach Winter aus wenn wir aus dem K\u00fcchenfenster schauen. Gestern Abend hat es gest\u00fcrmt, so wie es auch schon lange nicht mehr um die H\u00fctte gepfiffen hat. Irgendwie auch immer eine besondere Stimmung, wenn es draussen so tut und es \u00fcberall klappert und pfeift. Wir sind dann sch\u00f6n im Warmen in der H\u00fctte und wissen aber auch, dass wir in den Momenten halt wirklich von der &#8222;Aussenwelt&#8220; abgeschnitten sind und sozusagen auf unserer Insel sitzten im Val Bever. Heute Morgen fielen dann dicke Flocken als wir aufgestanden sind und es war alles in Weiss geh\u00fcllt. Sooo sch\u00f6n \ud83d\ude42 <br>Wieviel Schnee es wirklich gegeben hat ist schwierig zu sagen mit dem Wind, aber es lag immerhin etwas auf der Terrasse das sich gehlohnt hat zum Schaufeln \ud83d\ude09 Ziemlich schnell hat sich aber auch wieder die Sonner gezeigt und wir sassen noch eine Weile auf dem B\u00e4nkli an der H\u00fcttenwand. <\/p>\n\n\n\n<p>Unsere G\u00e4ste die gestern schon hier waren, sind inzwischen wieder zur\u00fcck und die ersten vom Julierpass her kommen auch gerade an. <\/p>","protected":false},"excerpt":{"rendered":"<p>Yeaaah, das erste Mal diesen Winter hat es richtig geschneit und es sieht richtig nach Winter aus wenn wir aus dem K\u00fcchenfenster schauen. Gestern Abend hat es gest\u00fcrmt, so wie es auch schon lange nicht mehr um die H\u00fctte gepfiffen<\/p>","protected":false},"author":1,"featured_media":0,"comment_status":"closed","ping_status":"closed","sticky":false,"template":"","format":"standard","meta":{"inline_featured_image":false,"footnotes":""},"categories":[1],"tags":[],"class_list":["post-5890","post","type-post","status-publish","format-standard","hentry","category-allgemein"],"_links":{"self":[{"href":"http:\/\/www.chamannajenatsch.ch\/en\/wp-json\/wp\/v2\/posts\/5890","targetHints":{"allow":["GET"]}}],"collection":[{"href":"http:\/\/www.chamannajenatsch.ch\/en\/wp-json\/wp\/v2\/posts"}],"about":[{"href":"http:\/\/www.chamannajenatsch.ch\/en\/wp-json\/wp\/v2\/types\/post"}],"author":[{"embeddable":true,"href":"http:\/\/www.chamannajenatsch.ch\/en\/wp-json\/wp\/v2\/users\/1"}],"replies":[{"embeddable":true,"href":"http:\/\/www.chamannajenatsch.ch\/en\/wp-json\/wp\/v2\/comments?post=5890"}],"version-history":[{"count":1,"href":"http:\/\/www.chamannajenatsch.ch\/en\/wp-json\/wp\/v2\/posts\/5890\/revisions"}],"predecessor-version":[{"id":5891,"href":"http:\/\/www.chamannajenatsch.ch\/en\/wp-json\/wp\/v2\/posts\/5890\/revisions\/5891"}],"wp:attachment":[{"href":"http:\/\/www.chamannajenatsch.ch\/en\/wp-json\/wp\/v2\/media?parent=5890"}],"wp:term":[{"taxonomy":"category","embeddable":true,"href":"http:\/\/www.chamannajenatsch.ch\/en\/wp-json\/wp\/v2\/categories?post=5890"},{"taxonomy":"post_tag","embeddable":true,"href":"http:\/\/www.chamannajenatsch.ch\/en\/wp-json\/wp\/v2\/tags?post=5890"}],"curies":[{"name":"wp","href":"https:\/\/api.w.org\/{rel}","templated":true}]}}