{"id":5915,"date":"2023-03-15T16:20:10","date_gmt":"2023-03-15T15:20:10","guid":{"rendered":"http:\/\/www.chamannajenatsch.ch\/?p=5915"},"modified":"2023-03-15T16:20:12","modified_gmt":"2023-03-15T15:20:12","slug":"sunshine","status":"publish","type":"post","link":"http:\/\/www.chamannajenatsch.ch\/en\/2023\/03\/15\/sunshine\/","title":{"rendered":"Sunshine"},"content":{"rendered":"<p>Die Sonne ist zur\u00fcck \ud83d\ude42 Heute wars zwar sehr frostig und windig, aber anstatt der von Meteoschweiz angesagten Wolken, gab es ab Mitte Morgen Sonnenschein pur. Nach dem H\u00fcttenwusel machten sich Dani und Luis also auf dem Weg zum ber\u00fchmten &#8222;Haufen&#8220; und haben super Schw\u00fcnge zur\u00fcck zur H\u00fctte geniessen k\u00f6nnen. <\/p>\n\n\n\n<p>Nici und ich haben dick eingepackt auf der Terrasse ges\u00f6nnelet bis die ersten G\u00e4ste retour kamen. Zuhause w\u00fcrde man bei diesen Temperaturen nie in den Garten oder auf die Terrasse sitzen, hier oben machen wir das aber sobald es irgendwie m\u00f6glich ist. Die Aussicht ist halt auch hammerm\u00e4ssig, gerade jetzt wieder mit dem Neuschnee, der alles sch\u00f6n verzuckert hat. <\/p>\n\n\n\n<p>Immerhin 30 G\u00e4ste haben wir heute Abend wieder bei uns. Es k\u00f6nnte zwar mehr sein, aber so sind wir doch etwas besch\u00e4ftigt mit Brot backen, Kuchen backen und ein bisschen Tagesgesch\u00e4ft.  <\/p>","protected":false},"excerpt":{"rendered":"<p>Die Sonne ist zur\u00fcck \ud83d\ude42 Heute wars zwar sehr frostig und windig, aber anstatt der von Meteoschweiz angesagten Wolken, gab es ab Mitte Morgen Sonnenschein pur. Nach dem H\u00fcttenwusel machten sich Dani und Luis also auf dem Weg zum ber\u00fchmten<\/p>","protected":false},"author":1,"featured_media":0,"comment_status":"closed","ping_status":"closed","sticky":false,"template":"","format":"standard","meta":{"inline_featured_image":false,"footnotes":""},"categories":[1],"tags":[],"class_list":["post-5915","post","type-post","status-publish","format-standard","hentry","category-allgemein"],"_links":{"self":[{"href":"http:\/\/www.chamannajenatsch.ch\/en\/wp-json\/wp\/v2\/posts\/5915","targetHints":{"allow":["GET"]}}],"collection":[{"href":"http:\/\/www.chamannajenatsch.ch\/en\/wp-json\/wp\/v2\/posts"}],"about":[{"href":"http:\/\/www.chamannajenatsch.ch\/en\/wp-json\/wp\/v2\/types\/post"}],"author":[{"embeddable":true,"href":"http:\/\/www.chamannajenatsch.ch\/en\/wp-json\/wp\/v2\/users\/1"}],"replies":[{"embeddable":true,"href":"http:\/\/www.chamannajenatsch.ch\/en\/wp-json\/wp\/v2\/comments?post=5915"}],"version-history":[{"count":1,"href":"http:\/\/www.chamannajenatsch.ch\/en\/wp-json\/wp\/v2\/posts\/5915\/revisions"}],"predecessor-version":[{"id":5916,"href":"http:\/\/www.chamannajenatsch.ch\/en\/wp-json\/wp\/v2\/posts\/5915\/revisions\/5916"}],"wp:attachment":[{"href":"http:\/\/www.chamannajenatsch.ch\/en\/wp-json\/wp\/v2\/media?parent=5915"}],"wp:term":[{"taxonomy":"category","embeddable":true,"href":"http:\/\/www.chamannajenatsch.ch\/en\/wp-json\/wp\/v2\/categories?post=5915"},{"taxonomy":"post_tag","embeddable":true,"href":"http:\/\/www.chamannajenatsch.ch\/en\/wp-json\/wp\/v2\/tags?post=5915"}],"curies":[{"name":"wp","href":"https:\/\/api.w.org\/{rel}","templated":true}]}}