{"id":5932,"date":"2023-03-21T18:22:12","date_gmt":"2023-03-21T17:22:12","guid":{"rendered":"http:\/\/www.chamannajenatsch.ch\/?p=5932"},"modified":"2023-03-21T18:22:15","modified_gmt":"2023-03-21T17:22:15","slug":"terrassenfruehstueck","status":"publish","type":"post","link":"http:\/\/www.chamannajenatsch.ch\/en\/2023\/03\/21\/terrassenfruehstueck\/","title":{"rendered":"Terrassenfr\u00fchst\u00fcck"},"content":{"rendered":"<p>Am Morgen war es sonnig, warm und windstill und das erste Mal war Terrassenfr\u00fchst\u00fcckswetter \ud83d\ude42 Das ist einfach das sch\u00f6nste und der beste Start in den Tag!<\/p>\n\n\n\n<p><br>Auch der Rest des Morgens war Flugwetter, aber nicht f\u00fcr HeliBernina sondern f\u00fcr Remo. Nach dem H\u00fcttenwusel hat er einen Sprint auf den Traunter Ovas gemacht und ist von dort aus mit dem Gleitschirm wieder zur\u00fcck zur H\u00fctte geflogen. Wir konnten ihn oben beobachten am &#8222;Startplatz&#8220; und mit dem Feldstecher zuguggen beim Starten. Landung direkt vor der H\u00fctte, so cool \ud83d\ude42 <\/p>\n\n\n\n<p>Morgen ist dann auch noch Flugwetter und dann kommt aber die HeliBernina \ud83d\ude09 Am Morgen mit Roli und Elektroplaner hoch und am Nachmittag mit Netz hoch und Planer runter. <\/p>\n\n\n\n<p><\/p>","protected":false},"excerpt":{"rendered":"<p>Am Morgen war es sonnig, warm und windstill und das erste Mal war Terrassenfr\u00fchst\u00fcckswetter \ud83d\ude42 Das ist einfach das sch\u00f6nste und der beste Start in den Tag! Auch der Rest des Morgens war Flugwetter, aber nicht f\u00fcr HeliBernina sondern f\u00fcr<\/p>","protected":false},"author":1,"featured_media":0,"comment_status":"closed","ping_status":"closed","sticky":false,"template":"","format":"standard","meta":{"inline_featured_image":false,"footnotes":""},"categories":[1],"tags":[],"class_list":["post-5932","post","type-post","status-publish","format-standard","hentry","category-allgemein"],"_links":{"self":[{"href":"http:\/\/www.chamannajenatsch.ch\/en\/wp-json\/wp\/v2\/posts\/5932","targetHints":{"allow":["GET"]}}],"collection":[{"href":"http:\/\/www.chamannajenatsch.ch\/en\/wp-json\/wp\/v2\/posts"}],"about":[{"href":"http:\/\/www.chamannajenatsch.ch\/en\/wp-json\/wp\/v2\/types\/post"}],"author":[{"embeddable":true,"href":"http:\/\/www.chamannajenatsch.ch\/en\/wp-json\/wp\/v2\/users\/1"}],"replies":[{"embeddable":true,"href":"http:\/\/www.chamannajenatsch.ch\/en\/wp-json\/wp\/v2\/comments?post=5932"}],"version-history":[{"count":1,"href":"http:\/\/www.chamannajenatsch.ch\/en\/wp-json\/wp\/v2\/posts\/5932\/revisions"}],"predecessor-version":[{"id":5933,"href":"http:\/\/www.chamannajenatsch.ch\/en\/wp-json\/wp\/v2\/posts\/5932\/revisions\/5933"}],"wp:attachment":[{"href":"http:\/\/www.chamannajenatsch.ch\/en\/wp-json\/wp\/v2\/media?parent=5932"}],"wp:term":[{"taxonomy":"category","embeddable":true,"href":"http:\/\/www.chamannajenatsch.ch\/en\/wp-json\/wp\/v2\/categories?post=5932"},{"taxonomy":"post_tag","embeddable":true,"href":"http:\/\/www.chamannajenatsch.ch\/en\/wp-json\/wp\/v2\/tags?post=5932"}],"curies":[{"name":"wp","href":"https:\/\/api.w.org\/{rel}","templated":true}]}}