{"id":5943,"date":"2023-03-25T15:13:25","date_gmt":"2023-03-25T14:13:25","guid":{"rendered":"http:\/\/www.chamannajenatsch.ch\/?p=5943"},"modified":"2023-03-25T15:13:27","modified_gmt":"2023-03-25T14:13:27","slug":"zeitverschiebung","status":"publish","type":"post","link":"http:\/\/www.chamannajenatsch.ch\/en\/2023\/03\/25\/zeitverschiebung\/","title":{"rendered":"Zeitverschiebung"},"content":{"rendered":"<p>Oh neiiin, heute schon wieder das Thema! Wird es nun fr\u00fcher hell sp\u00e4ter dunkel, oder alle umgekehrt und wann m\u00fcssen wir morgen den Wecker stellen, dass die G\u00e4ste &#8222;sonnentechnich&#8220; zur gleichen Zeit rausk\u00f6nnen wie heute. Und auf welchen Kompromiss einigen wir uns, weil der Tag wird f\u00fcr uns einfach eine Stunde k\u00fcrzer, da die G\u00e4ste ja trotzdem um 18:30 Znacht essen wollen, egal wann die Sonne untergeht. Gut sind wir Ende Oktober nicht mehr auf der H\u00fctte und m\u00fcssen uns nur 1x im Jahr den Kopf zerbrechen. Vielleicht h\u00e4tten wir auch mehr \u00dcbung wenn wir 2x im Jahr uns das Ganze \u00fcberlegen m\u00fcssten, aber ich glaub nicht \ud83d\ude09<\/p>\n\n\n\n<p>Heute Morgen klingelte bereits um viertel vor 7 das Telefon. Da das erste Fr\u00fchst\u00fcck heute Morgen erst um 7 war, bin ich gerade erst in die K\u00fcche gekommen als es geklingelt hat und ganz wach war ich da noch nicht \ud83d\ude09 Aber 4 spontane Toureng\u00e4nger f\u00fcr heute nehmen wir nat\u00fcrlich gerne und dann machts telefonieren auch mehr Spass als bei Absagen \ud83d\ude09 Zwei weitere G\u00e4ste haben sich dann sp\u00e4ter auch noch angemeldet f\u00fcr heute und somit haben wir heute doch immerhin 60 G\u00e4ste in der Stube plus wir 7 Nasen rund um den K\u00fcchentisch \ud83d\ude42<\/p>\n\n\n\n<p>So, habt ein sch\u00f6nes Wochenende, und f\u00fcr alle die im Tal vielleicht \u00fcber das Winterwetter schimpfen, wir freuen uns, dass es vielleicht wieder ein bisschen Schnee gibt und es vor allem wieder k\u00e4lter wird und das bisschen Schnee das wir noch haben wenigsten erhalten bleibt \ud83d\ude09<\/p>","protected":false},"excerpt":{"rendered":"<p>Oh neiiin, heute schon wieder das Thema! Wird es nun fr\u00fcher hell sp\u00e4ter dunkel, oder alle umgekehrt und wann m\u00fcssen wir morgen den Wecker stellen, dass die G\u00e4ste &#8222;sonnentechnich&#8220; zur gleichen Zeit rausk\u00f6nnen wie heute. Und auf welchen Kompromiss einigen<\/p>","protected":false},"author":1,"featured_media":0,"comment_status":"closed","ping_status":"closed","sticky":false,"template":"","format":"standard","meta":{"inline_featured_image":false,"footnotes":""},"categories":[1],"tags":[],"class_list":["post-5943","post","type-post","status-publish","format-standard","hentry","category-allgemein"],"_links":{"self":[{"href":"http:\/\/www.chamannajenatsch.ch\/en\/wp-json\/wp\/v2\/posts\/5943","targetHints":{"allow":["GET"]}}],"collection":[{"href":"http:\/\/www.chamannajenatsch.ch\/en\/wp-json\/wp\/v2\/posts"}],"about":[{"href":"http:\/\/www.chamannajenatsch.ch\/en\/wp-json\/wp\/v2\/types\/post"}],"author":[{"embeddable":true,"href":"http:\/\/www.chamannajenatsch.ch\/en\/wp-json\/wp\/v2\/users\/1"}],"replies":[{"embeddable":true,"href":"http:\/\/www.chamannajenatsch.ch\/en\/wp-json\/wp\/v2\/comments?post=5943"}],"version-history":[{"count":1,"href":"http:\/\/www.chamannajenatsch.ch\/en\/wp-json\/wp\/v2\/posts\/5943\/revisions"}],"predecessor-version":[{"id":5944,"href":"http:\/\/www.chamannajenatsch.ch\/en\/wp-json\/wp\/v2\/posts\/5943\/revisions\/5944"}],"wp:attachment":[{"href":"http:\/\/www.chamannajenatsch.ch\/en\/wp-json\/wp\/v2\/media?parent=5943"}],"wp:term":[{"taxonomy":"category","embeddable":true,"href":"http:\/\/www.chamannajenatsch.ch\/en\/wp-json\/wp\/v2\/categories?post=5943"},{"taxonomy":"post_tag","embeddable":true,"href":"http:\/\/www.chamannajenatsch.ch\/en\/wp-json\/wp\/v2\/tags?post=5943"}],"curies":[{"name":"wp","href":"https:\/\/api.w.org\/{rel}","templated":true}]}}