{"id":5982,"date":"2023-03-31T13:50:53","date_gmt":"2023-03-31T11:50:53","guid":{"rendered":"http:\/\/www.chamannajenatsch.ch\/?p=5982"},"modified":"2023-03-31T13:50:55","modified_gmt":"2023-03-31T11:50:55","slug":"baerlauch","status":"publish","type":"post","link":"http:\/\/www.chamannajenatsch.ch\/en\/2023\/03\/31\/baerlauch\/","title":{"rendered":"B\u00e4rlauch"},"content":{"rendered":"<p>Hoppla liebe LeserInnen, gestern habe ich das Tagebuch vergessen. Am Morgen hat einer unser direkten Nachbarn angerufen und wir haben ein bisschen gepl\u00e4udert und er hat mir erz\u00e4hlt, dass er auch zu den fleissigen Tagebuchlesern geh\u00f6rt. Das hat mich so gefreut, dass ich prompt vergessen habe was zu schrieben \ud83d\ude09 Aber cool, obwohl wir direkte Nachbarn sind, sehen wir uns ja praktisch nie und eigentlich sch\u00f6n manchmal zu telefonieren und zu erfahren wie es den anderen so geht. Zumindest wetter- und schneetechnisch sitzen wir ja alle im gleichen Boot resp. auf unserer abgelegenen Insel. Liebe Gr\u00fcsse an all unsere Nachbarn \ud83d\ude42<\/p>\n\n\n\n<p>Nici ist gestern Morgen ins Tal und hat fliegenden Wechsel mit Remo gemacht. Remo war fleissig im Tal und hat zwei grosse S\u00e4cke B\u00e4rlauch mitgebracht, niammyyyy. Es gab gestern also frischen B\u00e4rlauchpesto zum Znacht \ud83d\ude42 Den Rest haben wir geschnippelt und heute Morgen mit Oliven\u00f6l eingelegt. Hoffentlich h\u00e4lt er sich gut, dass wir eine Zeitlang eingedeckt sind und ab und zu selbergemachtes Pesto zum Znacht machen k\u00f6nnen \ud83d\ude42<\/p>\n\n\n\n<p>Heute Morgen war das Wetter wieder mal eher besser als erwartet. Es war gr\u00f6sstenteils bew\u00f6lkt, aber weder allzu viel Wind noch Niederschlag. Nun zieht es soeben ein bisschen zu, mal schauen was Petrus noch bringt \ud83d\ude09<\/p>","protected":false},"excerpt":{"rendered":"<p>Hoppla liebe LeserInnen, gestern habe ich das Tagebuch vergessen. Am Morgen hat einer unser direkten Nachbarn angerufen und wir haben ein bisschen gepl\u00e4udert und er hat mir erz\u00e4hlt, dass er auch zu den fleissigen Tagebuchlesern geh\u00f6rt. Das hat mich so<\/p>","protected":false},"author":1,"featured_media":0,"comment_status":"closed","ping_status":"closed","sticky":false,"template":"","format":"standard","meta":{"inline_featured_image":false,"footnotes":""},"categories":[1],"tags":[],"class_list":["post-5982","post","type-post","status-publish","format-standard","hentry","category-allgemein"],"_links":{"self":[{"href":"http:\/\/www.chamannajenatsch.ch\/en\/wp-json\/wp\/v2\/posts\/5982","targetHints":{"allow":["GET"]}}],"collection":[{"href":"http:\/\/www.chamannajenatsch.ch\/en\/wp-json\/wp\/v2\/posts"}],"about":[{"href":"http:\/\/www.chamannajenatsch.ch\/en\/wp-json\/wp\/v2\/types\/post"}],"author":[{"embeddable":true,"href":"http:\/\/www.chamannajenatsch.ch\/en\/wp-json\/wp\/v2\/users\/1"}],"replies":[{"embeddable":true,"href":"http:\/\/www.chamannajenatsch.ch\/en\/wp-json\/wp\/v2\/comments?post=5982"}],"version-history":[{"count":1,"href":"http:\/\/www.chamannajenatsch.ch\/en\/wp-json\/wp\/v2\/posts\/5982\/revisions"}],"predecessor-version":[{"id":5983,"href":"http:\/\/www.chamannajenatsch.ch\/en\/wp-json\/wp\/v2\/posts\/5982\/revisions\/5983"}],"wp:attachment":[{"href":"http:\/\/www.chamannajenatsch.ch\/en\/wp-json\/wp\/v2\/media?parent=5982"}],"wp:term":[{"taxonomy":"category","embeddable":true,"href":"http:\/\/www.chamannajenatsch.ch\/en\/wp-json\/wp\/v2\/categories?post=5982"},{"taxonomy":"post_tag","embeddable":true,"href":"http:\/\/www.chamannajenatsch.ch\/en\/wp-json\/wp\/v2\/tags?post=5982"}],"curies":[{"name":"wp","href":"https:\/\/api.w.org\/{rel}","templated":true}]}}