{"id":6006,"date":"2023-04-10T17:47:50","date_gmt":"2023-04-10T15:47:50","guid":{"rendered":"http:\/\/www.chamannajenatsch.ch\/?p=6006"},"modified":"2023-04-10T17:47:52","modified_gmt":"2023-04-10T15:47:52","slug":"piz-calderas","status":"publish","type":"post","link":"http:\/\/www.chamannajenatsch.ch\/en\/2023\/04\/10\/piz-calderas\/","title":{"rendered":"Piz Calderas"},"content":{"rendered":"<p>Yuhuu, ich hatte heute Morgen frei und war mit C\u00e9lia auf dem Piz Calderas. Sie war noch nie oben und bei dem Traumwetter war das eine gute Gelegenheit. Und wir waren mit den SKi auf dem Gipfel! Bis jetzt haben wir immer etwas unterhalb des Gipfels Skidepot gemacht und den Rest zu Fuss. Es war jetzt zwar immer noch ein rechtes Minenfeld, aber es ging und wir sind ohne gr\u00f6bere Kratzer wieder abgefahren \ud83d\ude09<br>Deborah ist wieder ins Tal und die M\u00e4nner haben den H\u00fcttenwusel gemacht, die H\u00fctte und Henry den Hund geh\u00fctet \ud83d\ude09 Am Mittag waren wir zur\u00fcck und haben alle zusammen noch ein bisschen ges\u00f6nnelet. Die G\u00e4ste kamen dann auch langsam ein getrudelt, es gab aber keine grosse Action. Wir haben zwei Runden &#8222;Blitzdings&#8220; gespielt, dass wir nicht einschlafen am Chuchitisch und nun wir noch schnell der Rest des Abendessens gekocht \ud83d\ude09 <br><\/p>\n\n\n\n<p>Wir hoffen ihr hattet sch\u00f6ne Ostertage und startet morgen wieder gut erholt in den Alltag oder ihr geniesst noch ein paar Tage Ferien. <\/p>","protected":false},"excerpt":{"rendered":"<p>Yuhuu, ich hatte heute Morgen frei und war mit C\u00e9lia auf dem Piz Calderas. Sie war noch nie oben und bei dem Traumwetter war das eine gute Gelegenheit. Und wir waren mit den SKi auf dem Gipfel! Bis jetzt haben<\/p>","protected":false},"author":1,"featured_media":0,"comment_status":"closed","ping_status":"closed","sticky":false,"template":"","format":"standard","meta":{"inline_featured_image":false,"footnotes":""},"categories":[1],"tags":[],"class_list":["post-6006","post","type-post","status-publish","format-standard","hentry","category-allgemein"],"_links":{"self":[{"href":"http:\/\/www.chamannajenatsch.ch\/en\/wp-json\/wp\/v2\/posts\/6006","targetHints":{"allow":["GET"]}}],"collection":[{"href":"http:\/\/www.chamannajenatsch.ch\/en\/wp-json\/wp\/v2\/posts"}],"about":[{"href":"http:\/\/www.chamannajenatsch.ch\/en\/wp-json\/wp\/v2\/types\/post"}],"author":[{"embeddable":true,"href":"http:\/\/www.chamannajenatsch.ch\/en\/wp-json\/wp\/v2\/users\/1"}],"replies":[{"embeddable":true,"href":"http:\/\/www.chamannajenatsch.ch\/en\/wp-json\/wp\/v2\/comments?post=6006"}],"version-history":[{"count":1,"href":"http:\/\/www.chamannajenatsch.ch\/en\/wp-json\/wp\/v2\/posts\/6006\/revisions"}],"predecessor-version":[{"id":6007,"href":"http:\/\/www.chamannajenatsch.ch\/en\/wp-json\/wp\/v2\/posts\/6006\/revisions\/6007"}],"wp:attachment":[{"href":"http:\/\/www.chamannajenatsch.ch\/en\/wp-json\/wp\/v2\/media?parent=6006"}],"wp:term":[{"taxonomy":"category","embeddable":true,"href":"http:\/\/www.chamannajenatsch.ch\/en\/wp-json\/wp\/v2\/categories?post=6006"},{"taxonomy":"post_tag","embeddable":true,"href":"http:\/\/www.chamannajenatsch.ch\/en\/wp-json\/wp\/v2\/tags?post=6006"}],"curies":[{"name":"wp","href":"https:\/\/api.w.org\/{rel}","templated":true}]}}