{"id":6202,"date":"2023-04-14T16:05:11","date_gmt":"2023-04-14T14:05:11","guid":{"rendered":"http:\/\/www.chamannajenatsch.ch\/?p=6202"},"modified":"2023-04-14T16:05:14","modified_gmt":"2023-04-14T14:05:14","slug":"winter-aus-dem-bilderbuch","status":"publish","type":"post","link":"http:\/\/www.chamannajenatsch.ch\/en\/2023\/04\/14\/winter-aus-dem-bilderbuch\/","title":{"rendered":"Winter aus dem Bilderbuch"},"content":{"rendered":"<p>Wuhuuu, doch noch einmal Winter in dieser Wintersaison \ud83d\ude09 So richtig sch\u00f6n verschneit ist alles und sogar ein bisschen schaufeln mussten wir auf der Terrasse. Und sch\u00f6n fluffig ist er auch \ud83d\ude42<br>Heute Nachmittag kam dann sogar noch die Sonne und wir haben ein Nickerli gemacht auf der Sonnenbank auf der Terasser. <\/p>\n\n\n\n<p>Ansonsten habe ich noch ein paar Sachen in der K\u00fcche getestet, R\u00f6stzwiebeln selber machen und L\u00f6ffelbiskuits backen. Njaaa, die Zwiebeln sind super geworden, mal schauen wie lange sie halten, ob wir sie auf Vorrat machen k\u00f6nnten und bei den L\u00f6ffelbiskuits bin ich noch nicht ganz \u00fcberzeugt \ud83d\ude09<\/p>\n\n\n\n<p>Heute Abend erwarten wir noch 5 G\u00e4ste, die Gruppe wird ganz sch\u00f6n was geleistet haben wenn sie durch den ganzen Neuschnee zu uns gespurt hat! Kochen wir eine grosse Portion \ud83d\ude09<\/p>","protected":false},"excerpt":{"rendered":"<p>Wuhuuu, doch noch einmal Winter in dieser Wintersaison \ud83d\ude09 So richtig sch\u00f6n verschneit ist alles und sogar ein bisschen schaufeln mussten wir auf der Terrasse. Und sch\u00f6n fluffig ist er auch \ud83d\ude42Heute Nachmittag kam dann sogar noch die Sonne und<\/p>","protected":false},"author":1,"featured_media":0,"comment_status":"closed","ping_status":"closed","sticky":false,"template":"","format":"standard","meta":{"inline_featured_image":false,"footnotes":""},"categories":[1],"tags":[],"class_list":["post-6202","post","type-post","status-publish","format-standard","hentry","category-allgemein"],"_links":{"self":[{"href":"http:\/\/www.chamannajenatsch.ch\/en\/wp-json\/wp\/v2\/posts\/6202","targetHints":{"allow":["GET"]}}],"collection":[{"href":"http:\/\/www.chamannajenatsch.ch\/en\/wp-json\/wp\/v2\/posts"}],"about":[{"href":"http:\/\/www.chamannajenatsch.ch\/en\/wp-json\/wp\/v2\/types\/post"}],"author":[{"embeddable":true,"href":"http:\/\/www.chamannajenatsch.ch\/en\/wp-json\/wp\/v2\/users\/1"}],"replies":[{"embeddable":true,"href":"http:\/\/www.chamannajenatsch.ch\/en\/wp-json\/wp\/v2\/comments?post=6202"}],"version-history":[{"count":1,"href":"http:\/\/www.chamannajenatsch.ch\/en\/wp-json\/wp\/v2\/posts\/6202\/revisions"}],"predecessor-version":[{"id":6203,"href":"http:\/\/www.chamannajenatsch.ch\/en\/wp-json\/wp\/v2\/posts\/6202\/revisions\/6203"}],"wp:attachment":[{"href":"http:\/\/www.chamannajenatsch.ch\/en\/wp-json\/wp\/v2\/media?parent=6202"}],"wp:term":[{"taxonomy":"category","embeddable":true,"href":"http:\/\/www.chamannajenatsch.ch\/en\/wp-json\/wp\/v2\/categories?post=6202"},{"taxonomy":"post_tag","embeddable":true,"href":"http:\/\/www.chamannajenatsch.ch\/en\/wp-json\/wp\/v2\/tags?post=6202"}],"curies":[{"name":"wp","href":"https:\/\/api.w.org\/{rel}","templated":true}]}}