{"id":6208,"date":"2023-04-17T20:24:00","date_gmt":"2023-04-17T18:24:00","guid":{"rendered":"http:\/\/www.chamannajenatsch.ch\/?p=6208"},"modified":"2023-04-17T20:26:10","modified_gmt":"2023-04-17T18:26:10","slug":"sonnenbrand","status":"publish","type":"post","link":"http:\/\/www.chamannajenatsch.ch\/en\/2023\/04\/17\/sonnenbrand\/","title":{"rendered":"Sonnenbrand"},"content":{"rendered":"<p>Hoppla, irgendwie haben heute alle eine eher r\u00f6tliche Farbe im Gesicht \ud83d\ude09 Unsere zwei G\u00e4ste hatten gestern schon eine Portion Sonne abbekommen, und heute haben Dani und ich und Remo und Aurel auch ziemlich viel Sonne erwischt. <\/p>\n\n\n\n<p>Heute Morgen war nix mit Wolken und ein bisschen Sonne, es war strahlender Sonnenschein! Nach dem Fr\u00fchst\u00fcck haben Dani und ich also entschieden dem &#8222;Haufen&#8220; noch einen Besuch abzustatten. Unterwegs war es aber sooo sch\u00f6n und unsere einzigen zwei G\u00e4ste waren auf der gleichen Route unterwegs, so dass wir entschieden haben weiterzulaufen und irgendwann waren wir auf der Tschima da Flix \ud83d\ude09 Es war ein Hammertag! Oben \u00fcber dem Wolkenmeer, mit Sicht auf die Berninagruppe und ein paar Gipfel die \u00fcber den Wolken herausgeschaut haben. Hochspuren war zwar anstrengend, aber so ist es eben schon am sch\u00f6nsten wenn man im unber\u00fchrten Gel\u00e4nde unterwegs ist \ud83d\ude42 Und die Abfahrt war ein Tr\u00e4ummliiii. Also sorry f\u00fcr alle die heute im B\u00fcro waren, aber es war einer  der sch\u00f6nsten Tage des Winters \ud83d\ude42<\/p>\n\n\n\n<p>Remo und Aurel sind kurz nach uns bei der H\u00fctte eingetroffen und anschliessend auch die zwei G\u00e4ste und wir haben noch eine ganze Weile zusammen ges\u00f6nnelet, was wohl eben die rote Farbe mit sich gebracht hat. <\/p>\n\n\n\n<p>Wir haben Kartoffelwedges gemacht zum Znacht und zu sechst 3 Kilo Kartoffeln verspeist mit Engadiner Wurst und einem Berg Salat dazu. Jetzt, alle happy und m\u00fcde \ud83d\ude09<\/p>\n\n\n\n<figure class=\"wp-block-gallery has-nested-images columns-default is-cropped wp-block-gallery-1 is-layout-flex wp-block-gallery-is-layout-flex\">\n<figure class=\"wp-block-image size-large\"><img fetchpriority=\"high\" decoding=\"async\" width=\"1024\" height=\"768\" data-id=\"6211\" src=\"http:\/\/www.chamannajenatsch.ch\/wp-content\/uploads\/2023\/04\/signal-2023-04-17-180216-1024x768.jpeg\" alt=\"\" class=\"wp-image-6211\" srcset=\"http:\/\/www.chamannajenatsch.ch\/wp-content\/uploads\/2023\/04\/signal-2023-04-17-180216-1024x768.jpeg 1024w, http:\/\/www.chamannajenatsch.ch\/wp-content\/uploads\/2023\/04\/signal-2023-04-17-180216-300x225.jpeg 300w, http:\/\/www.chamannajenatsch.ch\/wp-content\/uploads\/2023\/04\/signal-2023-04-17-180216-768x576.jpeg 768w, http:\/\/www.chamannajenatsch.ch\/wp-content\/uploads\/2023\/04\/signal-2023-04-17-180216-1536x1152.jpeg 1536w, http:\/\/www.chamannajenatsch.ch\/wp-content\/uploads\/2023\/04\/signal-2023-04-17-180216-16x12.jpeg 16w, http:\/\/www.chamannajenatsch.ch\/wp-content\/uploads\/2023\/04\/signal-2023-04-17-180216.jpeg 2048w\" sizes=\"(max-width: 1024px) 100vw, 1024px\" \/><\/figure>\n\n\n\n<figure class=\"wp-block-image size-large\"><img decoding=\"async\" width=\"1024\" height=\"576\" data-id=\"6210\" src=\"http:\/\/www.chamannajenatsch.ch\/wp-content\/uploads\/2023\/04\/signal-2023-04-17-135251-1024x576.jpeg\" alt=\"\" class=\"wp-image-6210\" srcset=\"http:\/\/www.chamannajenatsch.ch\/wp-content\/uploads\/2023\/04\/signal-2023-04-17-135251-1024x576.jpeg 1024w, http:\/\/www.chamannajenatsch.ch\/wp-content\/uploads\/2023\/04\/signal-2023-04-17-135251-300x169.jpeg 300w, http:\/\/www.chamannajenatsch.ch\/wp-content\/uploads\/2023\/04\/signal-2023-04-17-135251-768x432.jpeg 768w, http:\/\/www.chamannajenatsch.ch\/wp-content\/uploads\/2023\/04\/signal-2023-04-17-135251-1536x864.jpeg 1536w, http:\/\/www.chamannajenatsch.ch\/wp-content\/uploads\/2023\/04\/signal-2023-04-17-135251-18x10.jpeg 18w, http:\/\/www.chamannajenatsch.ch\/wp-content\/uploads\/2023\/04\/signal-2023-04-17-135251.jpeg 2048w\" sizes=\"(max-width: 1024px) 100vw, 1024px\" \/><\/figure>\n\n\n\n<figure class=\"wp-block-image size-large\"><img decoding=\"async\" width=\"1024\" height=\"576\" data-id=\"6212\" src=\"http:\/\/www.chamannajenatsch.ch\/wp-content\/uploads\/2023\/04\/signal-2023-04-17-135136-1024x576.jpeg\" alt=\"\" class=\"wp-image-6212\" srcset=\"http:\/\/www.chamannajenatsch.ch\/wp-content\/uploads\/2023\/04\/signal-2023-04-17-135136-1024x576.jpeg 1024w, http:\/\/www.chamannajenatsch.ch\/wp-content\/uploads\/2023\/04\/signal-2023-04-17-135136-300x169.jpeg 300w, http:\/\/www.chamannajenatsch.ch\/wp-content\/uploads\/2023\/04\/signal-2023-04-17-135136-768x432.jpeg 768w, http:\/\/www.chamannajenatsch.ch\/wp-content\/uploads\/2023\/04\/signal-2023-04-17-135136-1536x864.jpeg 1536w, http:\/\/www.chamannajenatsch.ch\/wp-content\/uploads\/2023\/04\/signal-2023-04-17-135136-18x10.jpeg 18w, http:\/\/www.chamannajenatsch.ch\/wp-content\/uploads\/2023\/04\/signal-2023-04-17-135136.jpeg 2048w\" sizes=\"(max-width: 1024px) 100vw, 1024px\" \/><\/figure>\n<\/figure>","protected":false},"excerpt":{"rendered":"<p>Hoppla, irgendwie haben heute alle eine eher r\u00f6tliche Farbe im Gesicht \ud83d\ude09 Unsere zwei G\u00e4ste hatten gestern schon eine Portion Sonne abbekommen, und heute haben Dani und ich und Remo und Aurel auch ziemlich viel Sonne erwischt. Heute Morgen war<\/p>","protected":false},"author":1,"featured_media":0,"comment_status":"closed","ping_status":"closed","sticky":false,"template":"","format":"standard","meta":{"inline_featured_image":false,"footnotes":""},"categories":[1],"tags":[],"class_list":["post-6208","post","type-post","status-publish","format-standard","hentry","category-allgemein"],"_links":{"self":[{"href":"http:\/\/www.chamannajenatsch.ch\/en\/wp-json\/wp\/v2\/posts\/6208","targetHints":{"allow":["GET"]}}],"collection":[{"href":"http:\/\/www.chamannajenatsch.ch\/en\/wp-json\/wp\/v2\/posts"}],"about":[{"href":"http:\/\/www.chamannajenatsch.ch\/en\/wp-json\/wp\/v2\/types\/post"}],"author":[{"embeddable":true,"href":"http:\/\/www.chamannajenatsch.ch\/en\/wp-json\/wp\/v2\/users\/1"}],"replies":[{"embeddable":true,"href":"http:\/\/www.chamannajenatsch.ch\/en\/wp-json\/wp\/v2\/comments?post=6208"}],"version-history":[{"count":3,"href":"http:\/\/www.chamannajenatsch.ch\/en\/wp-json\/wp\/v2\/posts\/6208\/revisions"}],"predecessor-version":[{"id":6216,"href":"http:\/\/www.chamannajenatsch.ch\/en\/wp-json\/wp\/v2\/posts\/6208\/revisions\/6216"}],"wp:attachment":[{"href":"http:\/\/www.chamannajenatsch.ch\/en\/wp-json\/wp\/v2\/media?parent=6208"}],"wp:term":[{"taxonomy":"category","embeddable":true,"href":"http:\/\/www.chamannajenatsch.ch\/en\/wp-json\/wp\/v2\/categories?post=6208"},{"taxonomy":"post_tag","embeddable":true,"href":"http:\/\/www.chamannajenatsch.ch\/en\/wp-json\/wp\/v2\/tags?post=6208"}],"curies":[{"name":"wp","href":"https:\/\/api.w.org\/{rel}","templated":true}]}}